{"id":147,"date":"2021-12-28T18:02:26","date_gmt":"2021-12-28T21:02:26","guid":{"rendered":"http:\/\/escuelaoriente.cl\/?p=147"},"modified":"2022-12-01T13:45:59","modified_gmt":"2022-12-01T16:45:59","slug":"rockeros-oriente-participa-en-el-festival-del-rock-quellon-2021","status":"publish","type":"post","link":"https:\/\/escuelaoriente.cl\/index.php\/2021\/12\/28\/rockeros-oriente-participa-en-el-festival-del-rock-quellon-2021\/","title":{"rendered":"Rockeros Oriente participa en el Festival del Rock Quell\u00f3n 2021"},"content":{"rendered":"\n<p>Con la interpretaci\u00f3n de la canci\u00f3n <em>\u201cDale cho\u00f1o\u201d (de Ramon Y\u00e1\u00f1ez)<\/em> el grupo de rock \u201cRockeros Oriente\u201d sell\u00f3 su participaci\u00f3n en el \u201cFestival del Rock \u2013 Quell\u00f3n 2021\u201d.<\/p>\n\n\n\n<p>Desde la energ\u00eda de volver a vernos poco a poco producto de la pandemia, nace este grupo de ni\u00f1os de segundo ciclo de nuestra escuela oriente, quienes, alentados por el cari\u00f1o y rigurosidad de nuestro querido profesor de m\u00fasica, comenzamos un camino en el rock desde octubre de este a\u00f1o. La complejidad de la actualidad nos llev\u00f3 a ser un grupo unido por la dedicaci\u00f3n, pero, sobre todo, la pasi\u00f3n por la m\u00fasica.<\/p>\n\n\n\n<p>La banda <strong><em>Rockeros Oriente<\/em><\/strong> est\u00e1 compuesta por:<\/p>\n\n\n\n<ul class=\"wp-block-list\"><li><strong>Franco Hern\u00e1ndez del 5B<\/strong><\/li><li><strong>Pascal Gonzales del 5A<\/strong><\/li><li><strong>John Jim\u00e9nez del 7B<\/strong><\/li><li><strong>Maia Ulloa del 7B<\/strong><\/li><li><strong>Y la profesora Alejandra Pillancari<\/strong><\/li><\/ul>\n\n\n\n<p><strong>Director: Profesor Iv\u00e1n Barra<\/strong><\/p>\n\n\n\n<p><strong>Apoyo en sonido: Cristian Rivero<\/strong><\/p>\n\n\n\n<p>Esperamos que sea la m\u00fasica la que ilumine el camino de estos ni\u00f1os, quienes esperanzados y con mucha energ\u00eda acuden a cada ensayo, y dan el 100% en cada una de sus asignaturas para que se nos permita continuar.<\/p>\n\n\n\n<p>Agradecemos la confianza de los apoderados y el apoyo de nuestro equipo directivo.<\/p>\n\n\n\n<p>\u00a1A ROCKEAR!<\/p>\n\n\n<p>[rl_gallery id=&#8221;150&#8243;]<\/p>\n","protected":false},"excerpt":{"rendered":"<p>Con la interpretaci\u00f3n de la canci\u00f3n \u201cDale cho\u00f1o\u201d (de Ramon Y\u00e1\u00f1ez) el grupo de rock \u201cRockeros Oriente\u201d sell\u00f3 su participaci\u00f3n en el \u201cFestival del Rock \u2013 Quell\u00f3n 2021\u201d.<\/p>\n","protected":false},"author":1,"featured_media":148,"comment_status":"closed","ping_status":"closed","sticky":false,"template":"","format":"standard","meta":{"footnotes":""},"categories":[17],"tags":[16,15],"class_list":["post-147","post","type-post","status-publish","format-standard","has-post-thumbnail","hentry","category-actividades","tag-festival-rock","tag-musica"],"yoast_head":"<!-- This site is optimized with the Yoast SEO plugin v26.2 - https:\/\/yoast.com\/wordpress\/plugins\/seo\/ -->\n<title>Rockeros Oriente participa en el Festival del Rock Quell\u00f3n 2021 - Escuela Oriente<\/title>\n<meta name=\"robots\" content=\"index, follow, max-snippet:-1, max-image-preview:large, max-video-preview:-1\" \/>\n<link rel=\"canonical\" href=\"https:\/\/escuelaoriente.cl\/index.php\/2021\/12\/28\/rockeros-oriente-participa-en-el-festival-del-rock-quellon-2021\/\" \/>\n<meta property=\"og:locale\" content=\"es_ES\" \/>\n<meta property=\"og:type\" content=\"article\" \/>\n<meta property=\"og:title\" content=\"Rockeros Oriente participa en el Festival del Rock Quell\u00f3n 2021 - Escuela Oriente\" \/>\n<meta property=\"og:description\" content=\"Con la interpretaci\u00f3n de la canci\u00f3n \u201cDale cho\u00f1o\u201d (de Ramon Y\u00e1\u00f1ez) el grupo de rock \u201cRockeros Oriente\u201d sell\u00f3 su participaci\u00f3n en el \u201cFestival del Rock \u2013 Quell\u00f3n 2021\u201d.\" \/>\n<meta property=\"og:url\" content=\"https:\/\/escuelaoriente.cl\/index.php\/2021\/12\/28\/rockeros-oriente-participa-en-el-festival-del-rock-quellon-2021\/\" \/>\n<meta property=\"og:site_name\" content=\"Escuela Oriente\" \/>\n<meta property=\"article:published_time\" content=\"2021-12-28T21:02:26+00:00\" \/>\n<meta property=\"article:modified_time\" content=\"2022-12-01T16:45:59+00:00\" \/>\n<meta property=\"og:image\" content=\"https:\/\/escuelaoriente.cl\/wp-content\/uploads\/2021\/12\/WhatsApp-Image-2021-12-28-at-11.27.15-1.jpeg\" \/>\n\t<meta property=\"og:image:width\" content=\"1600\" \/>\n\t<meta property=\"og:image:height\" content=\"1600\" \/>\n\t<meta property=\"og:image:type\" content=\"image\/jpeg\" \/>\n<meta name=\"author\" content=\"Diego Vera\" \/>\n<meta name=\"twitter:card\" content=\"summary_large_image\" \/>\n<meta name=\"twitter:label1\" content=\"Escrito por\" \/>\n\t<meta name=\"twitter:data1\" content=\"Diego Vera\" \/>\n\t<meta name=\"twitter:label2\" content=\"Tiempo estimado de lectura\" \/>\n\t<meta name=\"twitter:data2\" content=\"1 minuto\" \/>\n<script type=\"application\/ld+json\" class=\"yoast-schema-graph\">{\"@context\":\"https:\/\/schema.org\",\"@graph\":[{\"@type\":\"Article\",\"@id\":\"https:\/\/escuelaoriente.cl\/index.php\/2021\/12\/28\/rockeros-oriente-participa-en-el-festival-del-rock-quellon-2021\/#article\",\"isPartOf\":{\"@id\":\"https:\/\/escuelaoriente.cl\/index.php\/2021\/12\/28\/rockeros-oriente-participa-en-el-festival-del-rock-quellon-2021\/\"},\"author\":{\"name\":\"Diego Vera\",\"@id\":\"https:\/\/escuelaoriente.cl\/#\/schema\/person\/7c32fabc27398194ddb4c699cc4c8dc6\"},\"headline\":\"Rockeros Oriente participa en el Festival del Rock Quell\u00f3n 2021\",\"datePublished\":\"2021-12-28T21:02:26+00:00\",\"dateModified\":\"2022-12-01T16:45:59+00:00\",\"mainEntityOfPage\":{\"@id\":\"https:\/\/escuelaoriente.cl\/index.php\/2021\/12\/28\/rockeros-oriente-participa-en-el-festival-del-rock-quellon-2021\/\"},\"wordCount\":222,\"publisher\":{\"@id\":\"https:\/\/escuelaoriente.cl\/#organization\"},\"image\":{\"@id\":\"https:\/\/escuelaoriente.cl\/index.php\/2021\/12\/28\/rockeros-oriente-participa-en-el-festival-del-rock-quellon-2021\/#primaryimage\"},\"thumbnailUrl\":\"https:\/\/escuelaoriente.cl\/wp-content\/uploads\/2021\/12\/WhatsApp-Image-2021-12-28-at-11.27.15-1.jpeg\",\"keywords\":[\"festival rock\",\"musica\"],\"articleSection\":[\"Actividades\"],\"inLanguage\":\"es-CL\"},{\"@type\":\"WebPage\",\"@id\":\"https:\/\/escuelaoriente.cl\/index.php\/2021\/12\/28\/rockeros-oriente-participa-en-el-festival-del-rock-quellon-2021\/\",\"url\":\"https:\/\/escuelaoriente.cl\/index.php\/2021\/12\/28\/rockeros-oriente-participa-en-el-festival-del-rock-quellon-2021\/\",\"name\":\"Rockeros Oriente participa en el Festival del Rock Quell\u00f3n 2021 - Escuela Oriente\",\"isPartOf\":{\"@id\":\"https:\/\/escuelaoriente.cl\/#website\"},\"primaryImageOfPage\":{\"@id\":\"https:\/\/escuelaoriente.cl\/index.php\/2021\/12\/28\/rockeros-oriente-participa-en-el-festival-del-rock-quellon-2021\/#primaryimage\"},\"image\":{\"@id\":\"https:\/\/escuelaoriente.cl\/index.php\/2021\/12\/28\/rockeros-oriente-participa-en-el-festival-del-rock-quellon-2021\/#primaryimage\"},\"thumbnailUrl\":\"https:\/\/escuelaoriente.cl\/wp-content\/uploads\/2021\/12\/WhatsApp-Image-2021-12-28-at-11.27.15-1.jpeg\",\"datePublished\":\"2021-12-28T21:02:26+00:00\",\"dateModified\":\"2022-12-01T16:45:59+00:00\",\"breadcrumb\":{\"@id\":\"https:\/\/escuelaoriente.cl\/index.php\/2021\/12\/28\/rockeros-oriente-participa-en-el-festival-del-rock-quellon-2021\/#breadcrumb\"},\"inLanguage\":\"es-CL\",\"potentialAction\":[{\"@type\":\"ReadAction\",\"target\":[\"https:\/\/escuelaoriente.cl\/index.php\/2021\/12\/28\/rockeros-oriente-participa-en-el-festival-del-rock-quellon-2021\/\"]}]},{\"@type\":\"ImageObject\",\"inLanguage\":\"es-CL\",\"@id\":\"https:\/\/escuelaoriente.cl\/index.php\/2021\/12\/28\/rockeros-oriente-participa-en-el-festival-del-rock-quellon-2021\/#primaryimage\",\"url\":\"https:\/\/escuelaoriente.cl\/wp-content\/uploads\/2021\/12\/WhatsApp-Image-2021-12-28-at-11.27.15-1.jpeg\",\"contentUrl\":\"https:\/\/escuelaoriente.cl\/wp-content\/uploads\/2021\/12\/WhatsApp-Image-2021-12-28-at-11.27.15-1.jpeg\",\"width\":1600,\"height\":1600},{\"@type\":\"BreadcrumbList\",\"@id\":\"https:\/\/escuelaoriente.cl\/index.php\/2021\/12\/28\/rockeros-oriente-participa-en-el-festival-del-rock-quellon-2021\/#breadcrumb\",\"itemListElement\":[{\"@type\":\"ListItem\",\"position\":1,\"name\":\"Portada\",\"item\":\"https:\/\/escuelaoriente.cl\/\"},{\"@type\":\"ListItem\",\"position\":2,\"name\":\"Rockeros Oriente participa en el Festival del Rock Quell\u00f3n 2021\"}]},{\"@type\":\"WebSite\",\"@id\":\"https:\/\/escuelaoriente.cl\/#website\",\"url\":\"https:\/\/escuelaoriente.cl\/\",\"name\":\"Escuela Oriente\",\"description\":\"Escuela p\u00fablica &quot;Oriente&quot; de Quell\u00f3n, Chilo\u00e9\",\"publisher\":{\"@id\":\"https:\/\/escuelaoriente.cl\/#organization\"},\"potentialAction\":[{\"@type\":\"SearchAction\",\"target\":{\"@type\":\"EntryPoint\",\"urlTemplate\":\"https:\/\/escuelaoriente.cl\/?s={search_term_string}\"},\"query-input\":{\"@type\":\"PropertyValueSpecification\",\"valueRequired\":true,\"valueName\":\"search_term_string\"}}],\"inLanguage\":\"es-CL\"},{\"@type\":\"Organization\",\"@id\":\"https:\/\/escuelaoriente.cl\/#organization\",\"name\":\"Escuela Oriente\",\"url\":\"https:\/\/escuelaoriente.cl\/\",\"logo\":{\"@type\":\"ImageObject\",\"inLanguage\":\"es-CL\",\"@id\":\"https:\/\/escuelaoriente.cl\/#\/schema\/logo\/image\/\",\"url\":\"https:\/\/escuelaoriente.cl\/wp-content\/uploads\/2025\/09\/cropped-Logo-escuela-oriente.png\",\"contentUrl\":\"https:\/\/escuelaoriente.cl\/wp-content\/uploads\/2025\/09\/cropped-Logo-escuela-oriente.png\",\"width\":1024,\"height\":1384,\"caption\":\"Escuela Oriente\"},\"image\":{\"@id\":\"https:\/\/escuelaoriente.cl\/#\/schema\/logo\/image\/\"}},{\"@type\":\"Person\",\"@id\":\"https:\/\/escuelaoriente.cl\/#\/schema\/person\/7c32fabc27398194ddb4c699cc4c8dc6\",\"name\":\"Diego Vera\",\"image\":{\"@type\":\"ImageObject\",\"inLanguage\":\"es-CL\",\"@id\":\"https:\/\/escuelaoriente.cl\/#\/schema\/person\/image\/\",\"url\":\"https:\/\/secure.gravatar.com\/avatar\/c236a2a32c1df6f454eebc7562e2b2105afce251d3c15d384e63cbcb9224969e?s=96&d=mm&r=g\",\"contentUrl\":\"https:\/\/secure.gravatar.com\/avatar\/c236a2a32c1df6f454eebc7562e2b2105afce251d3c15d384e63cbcb9224969e?s=96&d=mm&r=g\",\"caption\":\"Diego Vera\"},\"sameAs\":[\"http:\/\/escuelaoriente.cl\"],\"url\":\"https:\/\/escuelaoriente.cl\/index.php\/author\/nsyun5qaxe\/\"}]}<\/script>\n<!-- \/ Yoast SEO plugin. -->","yoast_head_json":{"title":"Rockeros Oriente participa en el Festival del Rock Quell\u00f3n 2021 - Escuela Oriente","robots":{"index":"index","follow":"follow","max-snippet":"max-snippet:-1","max-image-preview":"max-image-preview:large","max-video-preview":"max-video-preview:-1"},"canonical":"https:\/\/escuelaoriente.cl\/index.php\/2021\/12\/28\/rockeros-oriente-participa-en-el-festival-del-rock-quellon-2021\/","og_locale":"es_ES","og_type":"article","og_title":"Rockeros Oriente participa en el Festival del Rock Quell\u00f3n 2021 - Escuela Oriente","og_description":"Con la interpretaci\u00f3n de la canci\u00f3n \u201cDale cho\u00f1o\u201d (de Ramon Y\u00e1\u00f1ez) el grupo de rock \u201cRockeros Oriente\u201d sell\u00f3 su participaci\u00f3n en el \u201cFestival del Rock \u2013 Quell\u00f3n 2021\u201d.","og_url":"https:\/\/escuelaoriente.cl\/index.php\/2021\/12\/28\/rockeros-oriente-participa-en-el-festival-del-rock-quellon-2021\/","og_site_name":"Escuela Oriente","article_published_time":"2021-12-28T21:02:26+00:00","article_modified_time":"2022-12-01T16:45:59+00:00","og_image":[{"width":1600,"height":1600,"url":"https:\/\/escuelaoriente.cl\/wp-content\/uploads\/2021\/12\/WhatsApp-Image-2021-12-28-at-11.27.15-1.jpeg","type":"image\/jpeg"}],"author":"Diego Vera","twitter_card":"summary_large_image","twitter_misc":{"Escrito por":"Diego Vera","Tiempo estimado de lectura":"1 minuto"},"schema":{"@context":"https:\/\/schema.org","@graph":[{"@type":"Article","@id":"https:\/\/escuelaoriente.cl\/index.php\/2021\/12\/28\/rockeros-oriente-participa-en-el-festival-del-rock-quellon-2021\/#article","isPartOf":{"@id":"https:\/\/escuelaoriente.cl\/index.php\/2021\/12\/28\/rockeros-oriente-participa-en-el-festival-del-rock-quellon-2021\/"},"author":{"name":"Diego Vera","@id":"https:\/\/escuelaoriente.cl\/#\/schema\/person\/7c32fabc27398194ddb4c699cc4c8dc6"},"headline":"Rockeros Oriente participa en el Festival del Rock Quell\u00f3n 2021","datePublished":"2021-12-28T21:02:26+00:00","dateModified":"2022-12-01T16:45:59+00:00","mainEntityOfPage":{"@id":"https:\/\/escuelaoriente.cl\/index.php\/2021\/12\/28\/rockeros-oriente-participa-en-el-festival-del-rock-quellon-2021\/"},"wordCount":222,"publisher":{"@id":"https:\/\/escuelaoriente.cl\/#organization"},"image":{"@id":"https:\/\/escuelaoriente.cl\/index.php\/2021\/12\/28\/rockeros-oriente-participa-en-el-festival-del-rock-quellon-2021\/#primaryimage"},"thumbnailUrl":"https:\/\/escuelaoriente.cl\/wp-content\/uploads\/2021\/12\/WhatsApp-Image-2021-12-28-at-11.27.15-1.jpeg","keywords":["festival rock","musica"],"articleSection":["Actividades"],"inLanguage":"es-CL"},{"@type":"WebPage","@id":"https:\/\/escuelaoriente.cl\/index.php\/2021\/12\/28\/rockeros-oriente-participa-en-el-festival-del-rock-quellon-2021\/","url":"https:\/\/escuelaoriente.cl\/index.php\/2021\/12\/28\/rockeros-oriente-participa-en-el-festival-del-rock-quellon-2021\/","name":"Rockeros Oriente participa en el Festival del Rock Quell\u00f3n 2021 - Escuela Oriente","isPartOf":{"@id":"https:\/\/escuelaoriente.cl\/#website"},"primaryImageOfPage":{"@id":"https:\/\/escuelaoriente.cl\/index.php\/2021\/12\/28\/rockeros-oriente-participa-en-el-festival-del-rock-quellon-2021\/#primaryimage"},"image":{"@id":"https:\/\/escuelaoriente.cl\/index.php\/2021\/12\/28\/rockeros-oriente-participa-en-el-festival-del-rock-quellon-2021\/#primaryimage"},"thumbnailUrl":"https:\/\/escuelaoriente.cl\/wp-content\/uploads\/2021\/12\/WhatsApp-Image-2021-12-28-at-11.27.15-1.jpeg","datePublished":"2021-12-28T21:02:26+00:00","dateModified":"2022-12-01T16:45:59+00:00","breadcrumb":{"@id":"https:\/\/escuelaoriente.cl\/index.php\/2021\/12\/28\/rockeros-oriente-participa-en-el-festival-del-rock-quellon-2021\/#breadcrumb"},"inLanguage":"es-CL","potentialAction":[{"@type":"ReadAction","target":["https:\/\/escuelaoriente.cl\/index.php\/2021\/12\/28\/rockeros-oriente-participa-en-el-festival-del-rock-quellon-2021\/"]}]},{"@type":"ImageObject","inLanguage":"es-CL","@id":"https:\/\/escuelaoriente.cl\/index.php\/2021\/12\/28\/rockeros-oriente-participa-en-el-festival-del-rock-quellon-2021\/#primaryimage","url":"https:\/\/escuelaoriente.cl\/wp-content\/uploads\/2021\/12\/WhatsApp-Image-2021-12-28-at-11.27.15-1.jpeg","contentUrl":"https:\/\/escuelaoriente.cl\/wp-content\/uploads\/2021\/12\/WhatsApp-Image-2021-12-28-at-11.27.15-1.jpeg","width":1600,"height":1600},{"@type":"BreadcrumbList","@id":"https:\/\/escuelaoriente.cl\/index.php\/2021\/12\/28\/rockeros-oriente-participa-en-el-festival-del-rock-quellon-2021\/#breadcrumb","itemListElement":[{"@type":"ListItem","position":1,"name":"Portada","item":"https:\/\/escuelaoriente.cl\/"},{"@type":"ListItem","position":2,"name":"Rockeros Oriente participa en el Festival del Rock Quell\u00f3n 2021"}]},{"@type":"WebSite","@id":"https:\/\/escuelaoriente.cl\/#website","url":"https:\/\/escuelaoriente.cl\/","name":"Escuela Oriente","description":"Escuela p\u00fablica &quot;Oriente&quot; de Quell\u00f3n, Chilo\u00e9","publisher":{"@id":"https:\/\/escuelaoriente.cl\/#organization"},"potentialAction":[{"@type":"SearchAction","target":{"@type":"EntryPoint","urlTemplate":"https:\/\/escuelaoriente.cl\/?s={search_term_string}"},"query-input":{"@type":"PropertyValueSpecification","valueRequired":true,"valueName":"search_term_string"}}],"inLanguage":"es-CL"},{"@type":"Organization","@id":"https:\/\/escuelaoriente.cl\/#organization","name":"Escuela Oriente","url":"https:\/\/escuelaoriente.cl\/","logo":{"@type":"ImageObject","inLanguage":"es-CL","@id":"https:\/\/escuelaoriente.cl\/#\/schema\/logo\/image\/","url":"https:\/\/escuelaoriente.cl\/wp-content\/uploads\/2025\/09\/cropped-Logo-escuela-oriente.png","contentUrl":"https:\/\/escuelaoriente.cl\/wp-content\/uploads\/2025\/09\/cropped-Logo-escuela-oriente.png","width":1024,"height":1384,"caption":"Escuela Oriente"},"image":{"@id":"https:\/\/escuelaoriente.cl\/#\/schema\/logo\/image\/"}},{"@type":"Person","@id":"https:\/\/escuelaoriente.cl\/#\/schema\/person\/7c32fabc27398194ddb4c699cc4c8dc6","name":"Diego Vera","image":{"@type":"ImageObject","inLanguage":"es-CL","@id":"https:\/\/escuelaoriente.cl\/#\/schema\/person\/image\/","url":"https:\/\/secure.gravatar.com\/avatar\/c236a2a32c1df6f454eebc7562e2b2105afce251d3c15d384e63cbcb9224969e?s=96&d=mm&r=g","contentUrl":"https:\/\/secure.gravatar.com\/avatar\/c236a2a32c1df6f454eebc7562e2b2105afce251d3c15d384e63cbcb9224969e?s=96&d=mm&r=g","caption":"Diego Vera"},"sameAs":["http:\/\/escuelaoriente.cl"],"url":"https:\/\/escuelaoriente.cl\/index.php\/author\/nsyun5qaxe\/"}]}},"_links":{"self":[{"href":"https:\/\/escuelaoriente.cl\/index.php\/wp-json\/wp\/v2\/posts\/147","targetHints":{"allow":["GET"]}}],"collection":[{"href":"https:\/\/escuelaoriente.cl\/index.php\/wp-json\/wp\/v2\/posts"}],"about":[{"href":"https:\/\/escuelaoriente.cl\/index.php\/wp-json\/wp\/v2\/types\/post"}],"author":[{"embeddable":true,"href":"https:\/\/escuelaoriente.cl\/index.php\/wp-json\/wp\/v2\/users\/1"}],"replies":[{"embeddable":true,"href":"https:\/\/escuelaoriente.cl\/index.php\/wp-json\/wp\/v2\/comments?post=147"}],"version-history":[{"count":2,"href":"https:\/\/escuelaoriente.cl\/index.php\/wp-json\/wp\/v2\/posts\/147\/revisions"}],"predecessor-version":[{"id":154,"href":"https:\/\/escuelaoriente.cl\/index.php\/wp-json\/wp\/v2\/posts\/147\/revisions\/154"}],"wp:featuredmedia":[{"embeddable":true,"href":"https:\/\/escuelaoriente.cl\/index.php\/wp-json\/wp\/v2\/media\/148"}],"wp:attachment":[{"href":"https:\/\/escuelaoriente.cl\/index.php\/wp-json\/wp\/v2\/media?parent=147"}],"wp:term":[{"taxonomy":"category","embeddable":true,"href":"https:\/\/escuelaoriente.cl\/index.php\/wp-json\/wp\/v2\/categories?post=147"},{"taxonomy":"post_tag","embeddable":true,"href":"https:\/\/escuelaoriente.cl\/index.php\/wp-json\/wp\/v2\/tags?post=147"}],"curies":[{"name":"wp","href":"https:\/\/api.w.org\/{rel}","templated":true}]}}