{"id":157,"date":"2022-03-04T14:54:42","date_gmt":"2022-03-04T14:54:42","guid":{"rendered":"https:\/\/escuelaoriente.cl\/?p=157"},"modified":"2022-11-28T23:05:17","modified_gmt":"2022-11-29T02:05:17","slug":"bienvenida-ano-escolar-2022","status":"publish","type":"post","link":"https:\/\/escuelaoriente.cl\/index.php\/2022\/03\/04\/bienvenida-ano-escolar-2022\/","title":{"rendered":"Bienvenida a\u00f1o escolar 2022"},"content":{"rendered":"<p><\/p>\n<p>Padres y apoderados:<br>A trav\u00e9s de este medio, damos la m\u00e1s cordial bienvenida a los estudiantes que por primera vez forman parte de nuestra instituci\u00f3n, deseando que su paso por la Escuela, sea una gran experiencia para todos.<br>Como ya se sabe el presente a\u00f1o ser\u00e1 presencial y con asistencia obligatoria para los estudiantes, no se realizar\u00e1n clases a distancia, ni entrega de gu\u00edas, lo que se espera es recuperar de alguna forma los aprendizajes de los ni\u00f1os-as y que ellos-as, puedan socializar con sus compa\u00f1eros.<\/p>\n<p><\/p>\n<p><\/p>\n<p>Para su tranquilidad, contamos con:<br><\/p><ul><li>Personal altamente comprometido, con la educaci\u00f3n de ni\u00f1os y ni\u00f1as de nuestra comuna.<\/li><\/ul><ul><li>&nbsp;Protocolos e insumos de higiene del espacio f\u00edsico de toda la escuela.<\/li><li>Alimentaci\u00f3n para todos los estudiantes, desde el primer d\u00eda de clases.<\/li><li>Personal capacitado en higiene y seguridad para evitar contagios COVID.<\/li><li>Servicio de transporte, para los estudiantes del sector rural y barrios alejados a la Escuela, esto se ir\u00e1 agregando de manera gradual, por ahora se realizar\u00e1 el mismo recorrido del a\u00f1o pasado.<\/li><\/ul>\n<p><\/p>\n<p><\/p>\n<p>Desde el punto de vista del autocuidado, recordar:<br><\/p><ul><li>Uso obligatorio de mascarillas.<\/li><li>Lavado frecuente de manos.<\/li><li>Mantener distancia f\u00edsica.<\/li><li>Evitar abrazos y saludos con contacto f\u00edsico.<\/li><li>Cambio de ropa diariamente.<\/li><\/ul>\n<p><\/p>\n<p><\/p>\n<p>Agregar adem\u00e1s que el uso del uniforme no es obligatorio, sin embargo se recomienda usar prendas adecuadas para asistir a clases.<\/p>\n<p><\/p>\n<p><\/p>\n<p>A contar del lunes 7 de marzo, se cumplir\u00e1 con la jornada Escolar completa.<br>Atte.<\/p>\n<p><\/p>\n<p><\/p>\n<p>Juana Kenigs Vejar<br>Directora<\/p>\n<p><\/p>","protected":false},"excerpt":{"rendered":"<p>Padres y apoderados:A trav\u00e9s de este medio, damos la m\u00e1s cordial bienvenida a los estudiantes que por primera vez forman parte de nuestra instituci\u00f3n, deseando que su paso por la Escuela, sea una gran experiencia para todos.Como ya se sabe el presente a\u00f1o ser\u00e1 presencial y con asistencia obligatoria para los estudiantes, no se realizar\u00e1n [&hellip;]<\/p>\n","protected":false},"author":4,"featured_media":0,"comment_status":"closed","ping_status":"closed","sticky":false,"template":"","format":"standard","meta":{"footnotes":""},"categories":[3],"tags":[18,19,5,20],"class_list":["post-157","post","type-post","status-publish","format-standard","hentry","category-direccion","tag-18","tag-covid","tag-directora","tag-inicio"],"yoast_head":"<!-- This site is optimized with the Yoast SEO plugin v26.2 - https:\/\/yoast.com\/wordpress\/plugins\/seo\/ -->\n<title>Bienvenida a\u00f1o escolar 2022 - Escuela Oriente<\/title>\n<meta name=\"robots\" content=\"index, follow, max-snippet:-1, max-image-preview:large, max-video-preview:-1\" \/>\n<link rel=\"canonical\" href=\"https:\/\/escuelaoriente.cl\/index.php\/2022\/03\/04\/bienvenida-ano-escolar-2022\/\" \/>\n<meta property=\"og:locale\" content=\"es_ES\" \/>\n<meta property=\"og:type\" content=\"article\" \/>\n<meta property=\"og:title\" content=\"Bienvenida a\u00f1o escolar 2022 - Escuela Oriente\" \/>\n<meta property=\"og:description\" content=\"Padres y apoderados:A trav\u00e9s de este medio, damos la m\u00e1s cordial bienvenida a los estudiantes que por primera vez forman parte de nuestra instituci\u00f3n, deseando que su paso por la Escuela, sea una gran experiencia para todos.Como ya se sabe el presente a\u00f1o ser\u00e1 presencial y con asistencia obligatoria para los estudiantes, no se realizar\u00e1n [&hellip;]\" \/>\n<meta property=\"og:url\" content=\"https:\/\/escuelaoriente.cl\/index.php\/2022\/03\/04\/bienvenida-ano-escolar-2022\/\" \/>\n<meta property=\"og:site_name\" content=\"Escuela Oriente\" \/>\n<meta property=\"article:published_time\" content=\"2022-03-04T14:54:42+00:00\" \/>\n<meta property=\"article:modified_time\" content=\"2022-11-29T02:05:17+00:00\" \/>\n<meta name=\"author\" content=\"Pedro Gutierrez\" \/>\n<meta name=\"twitter:card\" content=\"summary_large_image\" \/>\n<meta name=\"twitter:label1\" content=\"Escrito por\" \/>\n\t<meta name=\"twitter:data1\" content=\"Pedro Gutierrez\" \/>\n\t<meta name=\"twitter:label2\" content=\"Tiempo estimado de lectura\" \/>\n\t<meta name=\"twitter:data2\" content=\"1 minuto\" \/>\n<script type=\"application\/ld+json\" class=\"yoast-schema-graph\">{\"@context\":\"https:\/\/schema.org\",\"@graph\":[{\"@type\":\"Article\",\"@id\":\"https:\/\/escuelaoriente.cl\/index.php\/2022\/03\/04\/bienvenida-ano-escolar-2022\/#article\",\"isPartOf\":{\"@id\":\"https:\/\/escuelaoriente.cl\/index.php\/2022\/03\/04\/bienvenida-ano-escolar-2022\/\"},\"author\":{\"name\":\"Pedro Gutierrez\",\"@id\":\"https:\/\/escuelaoriente.cl\/#\/schema\/person\/fca1d7698225b34d9c1c3698b4de281c\"},\"headline\":\"Bienvenida a\u00f1o escolar 2022\",\"datePublished\":\"2022-03-04T14:54:42+00:00\",\"dateModified\":\"2022-11-29T02:05:17+00:00\",\"mainEntityOfPage\":{\"@id\":\"https:\/\/escuelaoriente.cl\/index.php\/2022\/03\/04\/bienvenida-ano-escolar-2022\/\"},\"wordCount\":260,\"publisher\":{\"@id\":\"https:\/\/escuelaoriente.cl\/#organization\"},\"keywords\":[\"2022\",\"covid\",\"directora\",\"inicio\"],\"articleSection\":[\"Direcci\u00f3n\"],\"inLanguage\":\"es-CL\"},{\"@type\":\"WebPage\",\"@id\":\"https:\/\/escuelaoriente.cl\/index.php\/2022\/03\/04\/bienvenida-ano-escolar-2022\/\",\"url\":\"https:\/\/escuelaoriente.cl\/index.php\/2022\/03\/04\/bienvenida-ano-escolar-2022\/\",\"name\":\"Bienvenida a\u00f1o escolar 2022 - Escuela Oriente\",\"isPartOf\":{\"@id\":\"https:\/\/escuelaoriente.cl\/#website\"},\"datePublished\":\"2022-03-04T14:54:42+00:00\",\"dateModified\":\"2022-11-29T02:05:17+00:00\",\"breadcrumb\":{\"@id\":\"https:\/\/escuelaoriente.cl\/index.php\/2022\/03\/04\/bienvenida-ano-escolar-2022\/#breadcrumb\"},\"inLanguage\":\"es-CL\",\"potentialAction\":[{\"@type\":\"ReadAction\",\"target\":[\"https:\/\/escuelaoriente.cl\/index.php\/2022\/03\/04\/bienvenida-ano-escolar-2022\/\"]}]},{\"@type\":\"BreadcrumbList\",\"@id\":\"https:\/\/escuelaoriente.cl\/index.php\/2022\/03\/04\/bienvenida-ano-escolar-2022\/#breadcrumb\",\"itemListElement\":[{\"@type\":\"ListItem\",\"position\":1,\"name\":\"Portada\",\"item\":\"https:\/\/escuelaoriente.cl\/\"},{\"@type\":\"ListItem\",\"position\":2,\"name\":\"Bienvenida a\u00f1o escolar 2022\"}]},{\"@type\":\"WebSite\",\"@id\":\"https:\/\/escuelaoriente.cl\/#website\",\"url\":\"https:\/\/escuelaoriente.cl\/\",\"name\":\"Escuela Oriente\",\"description\":\"Escuela p\u00fablica &quot;Oriente&quot; de Quell\u00f3n, Chilo\u00e9\",\"publisher\":{\"@id\":\"https:\/\/escuelaoriente.cl\/#organization\"},\"potentialAction\":[{\"@type\":\"SearchAction\",\"target\":{\"@type\":\"EntryPoint\",\"urlTemplate\":\"https:\/\/escuelaoriente.cl\/?s={search_term_string}\"},\"query-input\":{\"@type\":\"PropertyValueSpecification\",\"valueRequired\":true,\"valueName\":\"search_term_string\"}}],\"inLanguage\":\"es-CL\"},{\"@type\":\"Organization\",\"@id\":\"https:\/\/escuelaoriente.cl\/#organization\",\"name\":\"Escuela Oriente\",\"url\":\"https:\/\/escuelaoriente.cl\/\",\"logo\":{\"@type\":\"ImageObject\",\"inLanguage\":\"es-CL\",\"@id\":\"https:\/\/escuelaoriente.cl\/#\/schema\/logo\/image\/\",\"url\":\"https:\/\/escuelaoriente.cl\/wp-content\/uploads\/2025\/09\/cropped-Logo-escuela-oriente.png\",\"contentUrl\":\"https:\/\/escuelaoriente.cl\/wp-content\/uploads\/2025\/09\/cropped-Logo-escuela-oriente.png\",\"width\":1024,\"height\":1384,\"caption\":\"Escuela Oriente\"},\"image\":{\"@id\":\"https:\/\/escuelaoriente.cl\/#\/schema\/logo\/image\/\"}},{\"@type\":\"Person\",\"@id\":\"https:\/\/escuelaoriente.cl\/#\/schema\/person\/fca1d7698225b34d9c1c3698b4de281c\",\"name\":\"Pedro Gutierrez\",\"image\":{\"@type\":\"ImageObject\",\"inLanguage\":\"es-CL\",\"@id\":\"https:\/\/escuelaoriente.cl\/#\/schema\/person\/image\/\",\"url\":\"https:\/\/secure.gravatar.com\/avatar\/b6fba6652c4baaff50ba85e4da273ccf9c135a95767a28ae1d8f47c27fa25d9d?s=96&d=mm&r=g\",\"contentUrl\":\"https:\/\/secure.gravatar.com\/avatar\/b6fba6652c4baaff50ba85e4da273ccf9c135a95767a28ae1d8f47c27fa25d9d?s=96&d=mm&r=g\",\"caption\":\"Pedro Gutierrez\"},\"sameAs\":[\"http:\/\/www.escuelaoriente.cl\"],\"url\":\"https:\/\/escuelaoriente.cl\/index.php\/author\/pedro-gutierrez\/\"}]}<\/script>\n<!-- \/ Yoast SEO plugin. -->","yoast_head_json":{"title":"Bienvenida a\u00f1o escolar 2022 - Escuela Oriente","robots":{"index":"index","follow":"follow","max-snippet":"max-snippet:-1","max-image-preview":"max-image-preview:large","max-video-preview":"max-video-preview:-1"},"canonical":"https:\/\/escuelaoriente.cl\/index.php\/2022\/03\/04\/bienvenida-ano-escolar-2022\/","og_locale":"es_ES","og_type":"article","og_title":"Bienvenida a\u00f1o escolar 2022 - Escuela Oriente","og_description":"Padres y apoderados:A trav\u00e9s de este medio, damos la m\u00e1s cordial bienvenida a los estudiantes que por primera vez forman parte de nuestra instituci\u00f3n, deseando que su paso por la Escuela, sea una gran experiencia para todos.Como ya se sabe el presente a\u00f1o ser\u00e1 presencial y con asistencia obligatoria para los estudiantes, no se realizar\u00e1n [&hellip;]","og_url":"https:\/\/escuelaoriente.cl\/index.php\/2022\/03\/04\/bienvenida-ano-escolar-2022\/","og_site_name":"Escuela Oriente","article_published_time":"2022-03-04T14:54:42+00:00","article_modified_time":"2022-11-29T02:05:17+00:00","author":"Pedro Gutierrez","twitter_card":"summary_large_image","twitter_misc":{"Escrito por":"Pedro Gutierrez","Tiempo estimado de lectura":"1 minuto"},"schema":{"@context":"https:\/\/schema.org","@graph":[{"@type":"Article","@id":"https:\/\/escuelaoriente.cl\/index.php\/2022\/03\/04\/bienvenida-ano-escolar-2022\/#article","isPartOf":{"@id":"https:\/\/escuelaoriente.cl\/index.php\/2022\/03\/04\/bienvenida-ano-escolar-2022\/"},"author":{"name":"Pedro Gutierrez","@id":"https:\/\/escuelaoriente.cl\/#\/schema\/person\/fca1d7698225b34d9c1c3698b4de281c"},"headline":"Bienvenida a\u00f1o escolar 2022","datePublished":"2022-03-04T14:54:42+00:00","dateModified":"2022-11-29T02:05:17+00:00","mainEntityOfPage":{"@id":"https:\/\/escuelaoriente.cl\/index.php\/2022\/03\/04\/bienvenida-ano-escolar-2022\/"},"wordCount":260,"publisher":{"@id":"https:\/\/escuelaoriente.cl\/#organization"},"keywords":["2022","covid","directora","inicio"],"articleSection":["Direcci\u00f3n"],"inLanguage":"es-CL"},{"@type":"WebPage","@id":"https:\/\/escuelaoriente.cl\/index.php\/2022\/03\/04\/bienvenida-ano-escolar-2022\/","url":"https:\/\/escuelaoriente.cl\/index.php\/2022\/03\/04\/bienvenida-ano-escolar-2022\/","name":"Bienvenida a\u00f1o escolar 2022 - Escuela Oriente","isPartOf":{"@id":"https:\/\/escuelaoriente.cl\/#website"},"datePublished":"2022-03-04T14:54:42+00:00","dateModified":"2022-11-29T02:05:17+00:00","breadcrumb":{"@id":"https:\/\/escuelaoriente.cl\/index.php\/2022\/03\/04\/bienvenida-ano-escolar-2022\/#breadcrumb"},"inLanguage":"es-CL","potentialAction":[{"@type":"ReadAction","target":["https:\/\/escuelaoriente.cl\/index.php\/2022\/03\/04\/bienvenida-ano-escolar-2022\/"]}]},{"@type":"BreadcrumbList","@id":"https:\/\/escuelaoriente.cl\/index.php\/2022\/03\/04\/bienvenida-ano-escolar-2022\/#breadcrumb","itemListElement":[{"@type":"ListItem","position":1,"name":"Portada","item":"https:\/\/escuelaoriente.cl\/"},{"@type":"ListItem","position":2,"name":"Bienvenida a\u00f1o escolar 2022"}]},{"@type":"WebSite","@id":"https:\/\/escuelaoriente.cl\/#website","url":"https:\/\/escuelaoriente.cl\/","name":"Escuela Oriente","description":"Escuela p\u00fablica &quot;Oriente&quot; de Quell\u00f3n, Chilo\u00e9","publisher":{"@id":"https:\/\/escuelaoriente.cl\/#organization"},"potentialAction":[{"@type":"SearchAction","target":{"@type":"EntryPoint","urlTemplate":"https:\/\/escuelaoriente.cl\/?s={search_term_string}"},"query-input":{"@type":"PropertyValueSpecification","valueRequired":true,"valueName":"search_term_string"}}],"inLanguage":"es-CL"},{"@type":"Organization","@id":"https:\/\/escuelaoriente.cl\/#organization","name":"Escuela Oriente","url":"https:\/\/escuelaoriente.cl\/","logo":{"@type":"ImageObject","inLanguage":"es-CL","@id":"https:\/\/escuelaoriente.cl\/#\/schema\/logo\/image\/","url":"https:\/\/escuelaoriente.cl\/wp-content\/uploads\/2025\/09\/cropped-Logo-escuela-oriente.png","contentUrl":"https:\/\/escuelaoriente.cl\/wp-content\/uploads\/2025\/09\/cropped-Logo-escuela-oriente.png","width":1024,"height":1384,"caption":"Escuela Oriente"},"image":{"@id":"https:\/\/escuelaoriente.cl\/#\/schema\/logo\/image\/"}},{"@type":"Person","@id":"https:\/\/escuelaoriente.cl\/#\/schema\/person\/fca1d7698225b34d9c1c3698b4de281c","name":"Pedro Gutierrez","image":{"@type":"ImageObject","inLanguage":"es-CL","@id":"https:\/\/escuelaoriente.cl\/#\/schema\/person\/image\/","url":"https:\/\/secure.gravatar.com\/avatar\/b6fba6652c4baaff50ba85e4da273ccf9c135a95767a28ae1d8f47c27fa25d9d?s=96&d=mm&r=g","contentUrl":"https:\/\/secure.gravatar.com\/avatar\/b6fba6652c4baaff50ba85e4da273ccf9c135a95767a28ae1d8f47c27fa25d9d?s=96&d=mm&r=g","caption":"Pedro Gutierrez"},"sameAs":["http:\/\/www.escuelaoriente.cl"],"url":"https:\/\/escuelaoriente.cl\/index.php\/author\/pedro-gutierrez\/"}]}},"_links":{"self":[{"href":"https:\/\/escuelaoriente.cl\/index.php\/wp-json\/wp\/v2\/posts\/157","targetHints":{"allow":["GET"]}}],"collection":[{"href":"https:\/\/escuelaoriente.cl\/index.php\/wp-json\/wp\/v2\/posts"}],"about":[{"href":"https:\/\/escuelaoriente.cl\/index.php\/wp-json\/wp\/v2\/types\/post"}],"author":[{"embeddable":true,"href":"https:\/\/escuelaoriente.cl\/index.php\/wp-json\/wp\/v2\/users\/4"}],"replies":[{"embeddable":true,"href":"https:\/\/escuelaoriente.cl\/index.php\/wp-json\/wp\/v2\/comments?post=157"}],"version-history":[{"count":4,"href":"https:\/\/escuelaoriente.cl\/index.php\/wp-json\/wp\/v2\/posts\/157\/revisions"}],"predecessor-version":[{"id":420,"href":"https:\/\/escuelaoriente.cl\/index.php\/wp-json\/wp\/v2\/posts\/157\/revisions\/420"}],"wp:attachment":[{"href":"https:\/\/escuelaoriente.cl\/index.php\/wp-json\/wp\/v2\/media?parent=157"}],"wp:term":[{"taxonomy":"category","embeddable":true,"href":"https:\/\/escuelaoriente.cl\/index.php\/wp-json\/wp\/v2\/categories?post=157"},{"taxonomy":"post_tag","embeddable":true,"href":"https:\/\/escuelaoriente.cl\/index.php\/wp-json\/wp\/v2\/tags?post=157"}],"curies":[{"name":"wp","href":"https:\/\/api.w.org\/{rel}","templated":true}]}}