{"id":161,"date":"2022-05-02T16:26:10","date_gmt":"2022-05-02T20:26:10","guid":{"rendered":"https:\/\/escuelaoriente.cl\/?p=161"},"modified":"2022-12-01T13:45:23","modified_gmt":"2022-12-01T16:45:23","slug":"semana-del-libro","status":"publish","type":"post","link":"https:\/\/escuelaoriente.cl\/index.php\/2022\/05\/02\/semana-del-libro\/","title":{"rendered":"Semana del Libro"},"content":{"rendered":"<p><\/p>\n&nbsp;\n&nbsp;\n&nbsp;\n<p><\/p>\n<p><\/p>\n<p>El d\u00eda Viernes de Abril se dio t\u00e9rmino a la Semana del Libro celebrada en nuestro establecimiento con diversas actividades entre la cuales est\u00e1n:<\/p>\n<p><\/p>\n<p><\/p>\n<p>Caf\u00e9 Literario: <a href=\"https:\/\/escuelaoriente.cl\/index.php\/2022\/05\/03\/poemas-septimo\/\" target=\"_blank\" rel=\"noopener\">Donde se leyeron poemas creados por nuestros estudiantes.<\/a><\/p>\n<p><\/p>\n<p><\/p>\n<p>Mi Libro, Mi Puerta: Los estudiantes adornaron las puestas de sus salas como portadas de libros.<\/p>\n<p><\/p>\n<p><\/p>\n<p>Tarde del Libro: Presentaci\u00f3n de Cuentacuentos, docentes y estudiantes disfrazados de personajes de libros, espacios para expresarse entre otros.<\/p>\n<p><\/p>\n<p><\/p>\n<p>Regalo de libros a Docentes y estudiantes para fomentar el h\u00e1bito lector<\/p>\n<p><\/p>\n<p><\/p>\n<p><\/p>\n<p><\/p>\n<p>A continuaci\u00f3n dejamos el Link para ver las fotos de las actividades<a href=\"https:\/\/www.facebook.com\/photo\/?fbid=3208194159502186&amp;set=pcb.3208199352835000&amp;__cft__[0]=AZW_I--f0ghXHgkjEwNCDvGO785ozKdUYHq1T76evFNEUYMUdLVQurvgdvSNuGRRHVYSZ86DIW_sx8tELkqdRMpUUYhftqwafmMMM0XebDBVeYI-T51v-vHM58TmbSfUGLA&amp;__tn__=*bH-R\" target=\"_blank\" rel=\"noreferrer noopener\" data-type=\"URL\" data-id=\"https:\/\/www.facebook.com\/photo\/?fbid=3208194159502186&amp;set=pcb.3208199352835000&amp;__cft__[0]=AZW_I--f0ghXHgkjEwNCDvGO785ozKdUYHq1T76evFNEUYMUdLVQurvgdvSNuGRRHVYSZ86DIW_sx8tELkqdRMpUUYhftqwafmMMM0XebDBVeYI-T51v-vHM58TmbSfUGLA&amp;__tn__=*bH-R\"> AQUI<\/a><\/p>\n<p><\/p>","protected":false},"excerpt":{"rendered":"<p>El d\u00eda Viernes de Abril se dio t\u00e9rmino a la Semana del Libro celebrada en nuestro establecimiento con diversas actividades entre la cuales est\u00e1n: Caf\u00e9 Literario: Donde se leyeron poemas creados por nuestros estudiantes. Mi Libro, Mi Puerta: Los estudiantes adornaron las puestas de sus salas como portadas de libros. Tarde del Libro: Presentaci\u00f3n de [&hellip;]<\/p>\n","protected":false},"author":5,"featured_media":310,"comment_status":"closed","ping_status":"closed","sticky":false,"template":"","format":"standard","meta":{"footnotes":""},"categories":[17],"tags":[18,43],"class_list":["post-161","post","type-post","status-publish","format-standard","has-post-thumbnail","hentry","category-actividades","tag-18","tag-semana-del-libro"],"yoast_head":"<!-- This site is optimized with the Yoast SEO plugin v26.2 - https:\/\/yoast.com\/wordpress\/plugins\/seo\/ -->\n<title>Semana del Libro - Escuela Oriente<\/title>\n<meta name=\"robots\" content=\"index, follow, max-snippet:-1, max-image-preview:large, max-video-preview:-1\" \/>\n<link rel=\"canonical\" href=\"https:\/\/escuelaoriente.cl\/index.php\/2022\/05\/02\/semana-del-libro\/\" \/>\n<meta property=\"og:locale\" content=\"es_ES\" \/>\n<meta property=\"og:type\" content=\"article\" \/>\n<meta property=\"og:title\" content=\"Semana del Libro - Escuela Oriente\" \/>\n<meta property=\"og:description\" content=\"El d\u00eda Viernes de Abril se dio t\u00e9rmino a la Semana del Libro celebrada en nuestro establecimiento con diversas actividades entre la cuales est\u00e1n: Caf\u00e9 Literario: Donde se leyeron poemas creados por nuestros estudiantes. Mi Libro, Mi Puerta: Los estudiantes adornaron las puestas de sus salas como portadas de libros. Tarde del Libro: Presentaci\u00f3n de [&hellip;]\" \/>\n<meta property=\"og:url\" content=\"https:\/\/escuelaoriente.cl\/index.php\/2022\/05\/02\/semana-del-libro\/\" \/>\n<meta property=\"og:site_name\" content=\"Escuela Oriente\" \/>\n<meta property=\"article:published_time\" content=\"2022-05-02T20:26:10+00:00\" \/>\n<meta property=\"article:modified_time\" content=\"2022-12-01T16:45:23+00:00\" \/>\n<meta property=\"og:image\" content=\"https:\/\/escuelaoriente.cl\/wp-content\/uploads\/2022\/09\/semana_del_libro.jpg\" \/>\n\t<meta property=\"og:image:width\" content=\"322\" \/>\n\t<meta property=\"og:image:height\" content=\"156\" \/>\n\t<meta property=\"og:image:type\" content=\"image\/jpeg\" \/>\n<meta name=\"author\" content=\"Daniel L\u00f3pez\" \/>\n<meta name=\"twitter:card\" content=\"summary_large_image\" \/>\n<meta name=\"twitter:label1\" content=\"Escrito por\" \/>\n\t<meta name=\"twitter:data1\" content=\"Daniel L\u00f3pez\" \/>\n\t<meta name=\"twitter:label2\" content=\"Tiempo estimado de lectura\" \/>\n\t<meta name=\"twitter:data2\" content=\"1 minuto\" \/>\n<script type=\"application\/ld+json\" class=\"yoast-schema-graph\">{\"@context\":\"https:\/\/schema.org\",\"@graph\":[{\"@type\":\"Article\",\"@id\":\"https:\/\/escuelaoriente.cl\/index.php\/2022\/05\/02\/semana-del-libro\/#article\",\"isPartOf\":{\"@id\":\"https:\/\/escuelaoriente.cl\/index.php\/2022\/05\/02\/semana-del-libro\/\"},\"author\":{\"name\":\"Daniel L\u00f3pez\",\"@id\":\"https:\/\/escuelaoriente.cl\/#\/schema\/person\/c4547097de9940525be02a57072c4073\"},\"headline\":\"Semana del Libro\",\"datePublished\":\"2022-05-02T20:26:10+00:00\",\"dateModified\":\"2022-12-01T16:45:23+00:00\",\"mainEntityOfPage\":{\"@id\":\"https:\/\/escuelaoriente.cl\/index.php\/2022\/05\/02\/semana-del-libro\/\"},\"wordCount\":106,\"publisher\":{\"@id\":\"https:\/\/escuelaoriente.cl\/#organization\"},\"image\":{\"@id\":\"https:\/\/escuelaoriente.cl\/index.php\/2022\/05\/02\/semana-del-libro\/#primaryimage\"},\"thumbnailUrl\":\"https:\/\/escuelaoriente.cl\/wp-content\/uploads\/2022\/09\/semana_del_libro.jpg\",\"keywords\":[\"2022\",\"semana del libro\"],\"articleSection\":[\"Actividades\"],\"inLanguage\":\"es-CL\"},{\"@type\":\"WebPage\",\"@id\":\"https:\/\/escuelaoriente.cl\/index.php\/2022\/05\/02\/semana-del-libro\/\",\"url\":\"https:\/\/escuelaoriente.cl\/index.php\/2022\/05\/02\/semana-del-libro\/\",\"name\":\"Semana del Libro - Escuela Oriente\",\"isPartOf\":{\"@id\":\"https:\/\/escuelaoriente.cl\/#website\"},\"primaryImageOfPage\":{\"@id\":\"https:\/\/escuelaoriente.cl\/index.php\/2022\/05\/02\/semana-del-libro\/#primaryimage\"},\"image\":{\"@id\":\"https:\/\/escuelaoriente.cl\/index.php\/2022\/05\/02\/semana-del-libro\/#primaryimage\"},\"thumbnailUrl\":\"https:\/\/escuelaoriente.cl\/wp-content\/uploads\/2022\/09\/semana_del_libro.jpg\",\"datePublished\":\"2022-05-02T20:26:10+00:00\",\"dateModified\":\"2022-12-01T16:45:23+00:00\",\"breadcrumb\":{\"@id\":\"https:\/\/escuelaoriente.cl\/index.php\/2022\/05\/02\/semana-del-libro\/#breadcrumb\"},\"inLanguage\":\"es-CL\",\"potentialAction\":[{\"@type\":\"ReadAction\",\"target\":[\"https:\/\/escuelaoriente.cl\/index.php\/2022\/05\/02\/semana-del-libro\/\"]}]},{\"@type\":\"ImageObject\",\"inLanguage\":\"es-CL\",\"@id\":\"https:\/\/escuelaoriente.cl\/index.php\/2022\/05\/02\/semana-del-libro\/#primaryimage\",\"url\":\"https:\/\/escuelaoriente.cl\/wp-content\/uploads\/2022\/09\/semana_del_libro.jpg\",\"contentUrl\":\"https:\/\/escuelaoriente.cl\/wp-content\/uploads\/2022\/09\/semana_del_libro.jpg\",\"width\":322,\"height\":156},{\"@type\":\"BreadcrumbList\",\"@id\":\"https:\/\/escuelaoriente.cl\/index.php\/2022\/05\/02\/semana-del-libro\/#breadcrumb\",\"itemListElement\":[{\"@type\":\"ListItem\",\"position\":1,\"name\":\"Portada\",\"item\":\"https:\/\/escuelaoriente.cl\/\"},{\"@type\":\"ListItem\",\"position\":2,\"name\":\"Semana del Libro\"}]},{\"@type\":\"WebSite\",\"@id\":\"https:\/\/escuelaoriente.cl\/#website\",\"url\":\"https:\/\/escuelaoriente.cl\/\",\"name\":\"Escuela Oriente\",\"description\":\"Escuela p\u00fablica &quot;Oriente&quot; de Quell\u00f3n, Chilo\u00e9\",\"publisher\":{\"@id\":\"https:\/\/escuelaoriente.cl\/#organization\"},\"potentialAction\":[{\"@type\":\"SearchAction\",\"target\":{\"@type\":\"EntryPoint\",\"urlTemplate\":\"https:\/\/escuelaoriente.cl\/?s={search_term_string}\"},\"query-input\":{\"@type\":\"PropertyValueSpecification\",\"valueRequired\":true,\"valueName\":\"search_term_string\"}}],\"inLanguage\":\"es-CL\"},{\"@type\":\"Organization\",\"@id\":\"https:\/\/escuelaoriente.cl\/#organization\",\"name\":\"Escuela Oriente\",\"url\":\"https:\/\/escuelaoriente.cl\/\",\"logo\":{\"@type\":\"ImageObject\",\"inLanguage\":\"es-CL\",\"@id\":\"https:\/\/escuelaoriente.cl\/#\/schema\/logo\/image\/\",\"url\":\"https:\/\/escuelaoriente.cl\/wp-content\/uploads\/2025\/09\/cropped-Logo-escuela-oriente.png\",\"contentUrl\":\"https:\/\/escuelaoriente.cl\/wp-content\/uploads\/2025\/09\/cropped-Logo-escuela-oriente.png\",\"width\":1024,\"height\":1384,\"caption\":\"Escuela Oriente\"},\"image\":{\"@id\":\"https:\/\/escuelaoriente.cl\/#\/schema\/logo\/image\/\"}},{\"@type\":\"Person\",\"@id\":\"https:\/\/escuelaoriente.cl\/#\/schema\/person\/c4547097de9940525be02a57072c4073\",\"name\":\"Daniel L\u00f3pez\",\"image\":{\"@type\":\"ImageObject\",\"inLanguage\":\"es-CL\",\"@id\":\"https:\/\/escuelaoriente.cl\/#\/schema\/person\/image\/\",\"url\":\"https:\/\/secure.gravatar.com\/avatar\/a47f121b2079a76103d60e7beb03d20c0051da85fcfa50087710c77270a0a796?s=96&d=mm&r=g\",\"contentUrl\":\"https:\/\/secure.gravatar.com\/avatar\/a47f121b2079a76103d60e7beb03d20c0051da85fcfa50087710c77270a0a796?s=96&d=mm&r=g\",\"caption\":\"Daniel L\u00f3pez\"},\"url\":\"https:\/\/escuelaoriente.cl\/index.php\/author\/dlopez\/\"}]}<\/script>\n<!-- \/ Yoast SEO plugin. -->","yoast_head_json":{"title":"Semana del Libro - Escuela Oriente","robots":{"index":"index","follow":"follow","max-snippet":"max-snippet:-1","max-image-preview":"max-image-preview:large","max-video-preview":"max-video-preview:-1"},"canonical":"https:\/\/escuelaoriente.cl\/index.php\/2022\/05\/02\/semana-del-libro\/","og_locale":"es_ES","og_type":"article","og_title":"Semana del Libro - Escuela Oriente","og_description":"El d\u00eda Viernes de Abril se dio t\u00e9rmino a la Semana del Libro celebrada en nuestro establecimiento con diversas actividades entre la cuales est\u00e1n: Caf\u00e9 Literario: Donde se leyeron poemas creados por nuestros estudiantes. Mi Libro, Mi Puerta: Los estudiantes adornaron las puestas de sus salas como portadas de libros. Tarde del Libro: Presentaci\u00f3n de [&hellip;]","og_url":"https:\/\/escuelaoriente.cl\/index.php\/2022\/05\/02\/semana-del-libro\/","og_site_name":"Escuela Oriente","article_published_time":"2022-05-02T20:26:10+00:00","article_modified_time":"2022-12-01T16:45:23+00:00","og_image":[{"width":322,"height":156,"url":"https:\/\/escuelaoriente.cl\/wp-content\/uploads\/2022\/09\/semana_del_libro.jpg","type":"image\/jpeg"}],"author":"Daniel L\u00f3pez","twitter_card":"summary_large_image","twitter_misc":{"Escrito por":"Daniel L\u00f3pez","Tiempo estimado de lectura":"1 minuto"},"schema":{"@context":"https:\/\/schema.org","@graph":[{"@type":"Article","@id":"https:\/\/escuelaoriente.cl\/index.php\/2022\/05\/02\/semana-del-libro\/#article","isPartOf":{"@id":"https:\/\/escuelaoriente.cl\/index.php\/2022\/05\/02\/semana-del-libro\/"},"author":{"name":"Daniel L\u00f3pez","@id":"https:\/\/escuelaoriente.cl\/#\/schema\/person\/c4547097de9940525be02a57072c4073"},"headline":"Semana del Libro","datePublished":"2022-05-02T20:26:10+00:00","dateModified":"2022-12-01T16:45:23+00:00","mainEntityOfPage":{"@id":"https:\/\/escuelaoriente.cl\/index.php\/2022\/05\/02\/semana-del-libro\/"},"wordCount":106,"publisher":{"@id":"https:\/\/escuelaoriente.cl\/#organization"},"image":{"@id":"https:\/\/escuelaoriente.cl\/index.php\/2022\/05\/02\/semana-del-libro\/#primaryimage"},"thumbnailUrl":"https:\/\/escuelaoriente.cl\/wp-content\/uploads\/2022\/09\/semana_del_libro.jpg","keywords":["2022","semana del libro"],"articleSection":["Actividades"],"inLanguage":"es-CL"},{"@type":"WebPage","@id":"https:\/\/escuelaoriente.cl\/index.php\/2022\/05\/02\/semana-del-libro\/","url":"https:\/\/escuelaoriente.cl\/index.php\/2022\/05\/02\/semana-del-libro\/","name":"Semana del Libro - Escuela Oriente","isPartOf":{"@id":"https:\/\/escuelaoriente.cl\/#website"},"primaryImageOfPage":{"@id":"https:\/\/escuelaoriente.cl\/index.php\/2022\/05\/02\/semana-del-libro\/#primaryimage"},"image":{"@id":"https:\/\/escuelaoriente.cl\/index.php\/2022\/05\/02\/semana-del-libro\/#primaryimage"},"thumbnailUrl":"https:\/\/escuelaoriente.cl\/wp-content\/uploads\/2022\/09\/semana_del_libro.jpg","datePublished":"2022-05-02T20:26:10+00:00","dateModified":"2022-12-01T16:45:23+00:00","breadcrumb":{"@id":"https:\/\/escuelaoriente.cl\/index.php\/2022\/05\/02\/semana-del-libro\/#breadcrumb"},"inLanguage":"es-CL","potentialAction":[{"@type":"ReadAction","target":["https:\/\/escuelaoriente.cl\/index.php\/2022\/05\/02\/semana-del-libro\/"]}]},{"@type":"ImageObject","inLanguage":"es-CL","@id":"https:\/\/escuelaoriente.cl\/index.php\/2022\/05\/02\/semana-del-libro\/#primaryimage","url":"https:\/\/escuelaoriente.cl\/wp-content\/uploads\/2022\/09\/semana_del_libro.jpg","contentUrl":"https:\/\/escuelaoriente.cl\/wp-content\/uploads\/2022\/09\/semana_del_libro.jpg","width":322,"height":156},{"@type":"BreadcrumbList","@id":"https:\/\/escuelaoriente.cl\/index.php\/2022\/05\/02\/semana-del-libro\/#breadcrumb","itemListElement":[{"@type":"ListItem","position":1,"name":"Portada","item":"https:\/\/escuelaoriente.cl\/"},{"@type":"ListItem","position":2,"name":"Semana del Libro"}]},{"@type":"WebSite","@id":"https:\/\/escuelaoriente.cl\/#website","url":"https:\/\/escuelaoriente.cl\/","name":"Escuela Oriente","description":"Escuela p\u00fablica &quot;Oriente&quot; de Quell\u00f3n, Chilo\u00e9","publisher":{"@id":"https:\/\/escuelaoriente.cl\/#organization"},"potentialAction":[{"@type":"SearchAction","target":{"@type":"EntryPoint","urlTemplate":"https:\/\/escuelaoriente.cl\/?s={search_term_string}"},"query-input":{"@type":"PropertyValueSpecification","valueRequired":true,"valueName":"search_term_string"}}],"inLanguage":"es-CL"},{"@type":"Organization","@id":"https:\/\/escuelaoriente.cl\/#organization","name":"Escuela Oriente","url":"https:\/\/escuelaoriente.cl\/","logo":{"@type":"ImageObject","inLanguage":"es-CL","@id":"https:\/\/escuelaoriente.cl\/#\/schema\/logo\/image\/","url":"https:\/\/escuelaoriente.cl\/wp-content\/uploads\/2025\/09\/cropped-Logo-escuela-oriente.png","contentUrl":"https:\/\/escuelaoriente.cl\/wp-content\/uploads\/2025\/09\/cropped-Logo-escuela-oriente.png","width":1024,"height":1384,"caption":"Escuela Oriente"},"image":{"@id":"https:\/\/escuelaoriente.cl\/#\/schema\/logo\/image\/"}},{"@type":"Person","@id":"https:\/\/escuelaoriente.cl\/#\/schema\/person\/c4547097de9940525be02a57072c4073","name":"Daniel L\u00f3pez","image":{"@type":"ImageObject","inLanguage":"es-CL","@id":"https:\/\/escuelaoriente.cl\/#\/schema\/person\/image\/","url":"https:\/\/secure.gravatar.com\/avatar\/a47f121b2079a76103d60e7beb03d20c0051da85fcfa50087710c77270a0a796?s=96&d=mm&r=g","contentUrl":"https:\/\/secure.gravatar.com\/avatar\/a47f121b2079a76103d60e7beb03d20c0051da85fcfa50087710c77270a0a796?s=96&d=mm&r=g","caption":"Daniel L\u00f3pez"},"url":"https:\/\/escuelaoriente.cl\/index.php\/author\/dlopez\/"}]}},"_links":{"self":[{"href":"https:\/\/escuelaoriente.cl\/index.php\/wp-json\/wp\/v2\/posts\/161","targetHints":{"allow":["GET"]}}],"collection":[{"href":"https:\/\/escuelaoriente.cl\/index.php\/wp-json\/wp\/v2\/posts"}],"about":[{"href":"https:\/\/escuelaoriente.cl\/index.php\/wp-json\/wp\/v2\/types\/post"}],"author":[{"embeddable":true,"href":"https:\/\/escuelaoriente.cl\/index.php\/wp-json\/wp\/v2\/users\/5"}],"replies":[{"embeddable":true,"href":"https:\/\/escuelaoriente.cl\/index.php\/wp-json\/wp\/v2\/comments?post=161"}],"version-history":[{"count":18,"href":"https:\/\/escuelaoriente.cl\/index.php\/wp-json\/wp\/v2\/posts\/161\/revisions"}],"predecessor-version":[{"id":424,"href":"https:\/\/escuelaoriente.cl\/index.php\/wp-json\/wp\/v2\/posts\/161\/revisions\/424"}],"wp:featuredmedia":[{"embeddable":true,"href":"https:\/\/escuelaoriente.cl\/index.php\/wp-json\/wp\/v2\/media\/310"}],"wp:attachment":[{"href":"https:\/\/escuelaoriente.cl\/index.php\/wp-json\/wp\/v2\/media?parent=161"}],"wp:term":[{"taxonomy":"category","embeddable":true,"href":"https:\/\/escuelaoriente.cl\/index.php\/wp-json\/wp\/v2\/categories?post=161"},{"taxonomy":"post_tag","embeddable":true,"href":"https:\/\/escuelaoriente.cl\/index.php\/wp-json\/wp\/v2\/tags?post=161"}],"curies":[{"name":"wp","href":"https:\/\/api.w.org\/{rel}","templated":true}]}}