{"id":176,"date":"2022-05-03T13:28:32","date_gmt":"2022-05-03T17:28:32","guid":{"rendered":"https:\/\/escuelaoriente.cl\/?p=176"},"modified":"2022-12-01T13:44:42","modified_gmt":"2022-12-01T16:44:42","slug":"poemas-septimo","status":"publish","type":"post","link":"https:\/\/escuelaoriente.cl\/index.php\/2022\/05\/03\/poemas-septimo\/","title":{"rendered":"Poemas S\u00e9ptimo"},"content":{"rendered":"\n\n\n<p>En la asignatura de Lenguaje y Comunicaci\u00f3n o Lengua y Literatura para los cursos de s\u00e9ptimo y octavo, liderada por la profesora <strong>Cindy Lizana<\/strong> y utilizando la t\u00e9cnica &#8220;Cad\u00e1ver Exquisito&#8221;, los estudiantes crearon sus poemas de forma colectiva como curso, obteniendo as\u00ed los siguientes resultados que invitamos a leer o disfrutar en el siguiente video :<\/p>\n<p>\n<iframe loading=\"lazy\" title=\"Caf\u00e9 Literario\" width=\"640\" height=\"360\" src=\"https:\/\/www.youtube.com\/embed\/8jOwBvqnPEY?feature=oembed\" frameborder=\"0\" allow=\"accelerometer; autoplay; clipboard-write; encrypted-media; gyroscope; picture-in-picture; web-share\" referrerpolicy=\"strict-origin-when-cross-origin\" allowfullscreen><\/iframe>\n<\/p>\n\n\n\n\n\n<p><\/p>\n\n\n<p><\/p>\n\n\n<BR>\n<p><strong>EL PODER REAL<\/strong><\/p>\n\n\n<p><\/p>\n\n\n<p>El poder real es saber respetar opiniones<br>Es entender a los dem\u00e1s, pero sobre todo a ti mismo.<br>El poder real es aceptar tus sentimientos,<br>ser uno mismo,<br>Sentirse uno mismo,<br>Creer en uno mismo.<br>Es tu propia personalidad,<br>Aceptarse sin llorar,<br>Aceptar mis expresiones.<br>El poder real es amar y aceptar tu cuerpo tal como es,<\/p>\n\n\n<p><\/p>\n\n\n<p>El poder real es escuchar a nuestro coraz\u00f3n,<br>Es desahogarse escuchando a nuestro coraz\u00f3n,<br>Llenar de amor nuestro coraz\u00f3n<br>Hablar todos los d\u00edas con nuestro coraz\u00f3n<br>Expresar los sentimientos malos de nuestro coraz\u00f3n.<\/p>\n\n\n<p><\/p>\n\n\n<p>El poder real es aceptar las cosas tal y como son,<br>Superar el dolor para poder cerrar heridas<br>El poder real es aprender a sanar<br>Es aprender a luchar con el monstruo de mis miedos internos.<\/p>\n\n\n<p><\/p>\n\n\n\n<p><\/p>\n\n\n<BR>\n<p><strong>EN MI CORAZON ENCONTRAR\u00c1S<\/strong><\/p>\n\n\n<p><\/p>\n\n\n<p>En mi coraz\u00f3n encontrar\u00e1s cenizas que un d\u00eda fueron fuego,<br>Una ceniza ardiente, flamante con un coraz\u00f3n ardiente,<br>Demasiada sangre bombeando<br>Llamas de fuego quemando mi cuerpo<br>Llamas que consumen de terror el pueblo<br>En mi coraz\u00f3n encontrar\u00e1s a la gente que muri\u00f3 por tu amor.<br>En mi coraz\u00f3n encontrar\u00e1s un lugar oscuro,<br>un continente de hielo cien a\u00f1os atr\u00e1s,<br>Todos los sentimientos que murieron por tu amor,<br>Miles de cad\u00e1veres<br>Que nunca encontrar\u00e1n la paz<br>Muertes que no da\u00f1aron f\u00edsicamente<br>Monta\u00f1as de imaginaci\u00f3n<br>y las ideas m\u00e1s raras y perturbantes<br>en lo profundo, encontrar\u00e1s un coraz\u00f3n roto.<\/p>\n\n\n<p><\/p>\n\n\n<p>En mi coraz\u00f3n puedes encontrar todos los diamantes<br>y lujos de la eternidad<br>Millones de lujos y penas:<br>Millones de galaxias<br>Miles de heridas que nunca sanar\u00e1n,<br>Heridas que no cerrar\u00e1n jam\u00e1s.<\/p>\n\n\n<p><\/p>\n\n\n<p>En mi coraz\u00f3n encontrar\u00e1s un para\u00edso lleno de lo que t\u00fa quieras:<br>Una riqueza que jam\u00e1s podr\u00e1s tener<br>Puedes encontrar una llama de pasi\u00f3n ardiendo de amor<br>Que ni un diluvio apagar\u00e1<br>Much\u00edsimo fuego por su pasado,<\/p>\n\n\n<p><\/p>\n\n\n<p>Fuegos artificiales de alegr\u00eda que nunca se apagar\u00e1n,<br>Mucho amor para amarte,<br>En mi coraz\u00f3n encontrar\u00e1s el verdadero camino hacia la luz.<\/p>\n\n\n<p><\/p>\n\n\n\n<p><\/p>\n\n\n<BR><p><strong>UN VERDADERO HEROE<\/strong><\/p>\n\n\n<p><\/p>\n\n\n<p>Un verdadero h\u00e9roe es como H\u00e9rcules al vencer a Hades,<br>es como un alivio para el mundo,<br>un escudo protector<br>Es como la gente.<\/p>\n\n\n<p><\/p>\n\n\n<p>Un verdadero h\u00e9roe es un salvador para los habitantes,<br>Para la ciudad, la sociedad y el mundo.<br>Es como un calmante para las personas<br>como un doctor porque salva a todos del peligro,<br>Curando los problemas de la gente<br>Como un bombero valiente e inteligente.<br>Es como un salvavidas para la humanidad,<br>Un verdadero h\u00e9roe es un milagro para la gente.<\/p>\n\n\n<p><\/p>\n\n\n<p>Un verdadero h\u00e9roe es como un respiro en el mar,<br>como un respiro en el espacio,<br>como una flor al renacer<br>como un suspiro para el planeta tierra<br>como la calma interior en un d\u00eda de verano,<br>como un atardecer en la playa<br>como un atardecer en el mar,<br>un verdadero h\u00e9roe es como el viento en la neblina.<br>Un verdadero h\u00e9roe es como un ni\u00f1o inquieto.<br>Es como volver a ser un ni\u00f1o<br>Un verdadero h\u00e9roe es ser t\u00fa mismo.<\/p>\n\n\n<p><\/p>\n<p>&nbsp;<\/p>","protected":false},"excerpt":{"rendered":"<p>En la asignatura de Lenguaje y Comunicaci\u00f3n o Lengua y Literatura para los cursos de s\u00e9ptimo y octavo, liderada por la profesora Cindy Lizana y utilizando la t\u00e9cnica &#8220;Cad\u00e1ver Exquisito&#8221;, los estudiantes crearon sus poemas de forma colectiva como curso, obteniendo as\u00ed los siguientes resultados que invitamos a leer o disfrutar en el siguiente video [&hellip;]<\/p>\n","protected":false},"author":5,"featured_media":177,"comment_status":"open","ping_status":"open","sticky":false,"template":"","format":"standard","meta":{"footnotes":""},"categories":[17],"tags":[42],"class_list":["post-176","post","type-post","status-publish","format-standard","has-post-thumbnail","hentry","category-actividades","tag-poemas"],"yoast_head":"<!-- This site is optimized with the Yoast SEO plugin v26.2 - https:\/\/yoast.com\/wordpress\/plugins\/seo\/ -->\n<title>Poemas S\u00e9ptimo - Escuela Oriente<\/title>\n<meta name=\"robots\" content=\"index, follow, max-snippet:-1, max-image-preview:large, max-video-preview:-1\" \/>\n<link rel=\"canonical\" href=\"https:\/\/escuelaoriente.cl\/index.php\/2022\/05\/03\/poemas-septimo\/\" \/>\n<meta property=\"og:locale\" content=\"es_ES\" \/>\n<meta property=\"og:type\" content=\"article\" \/>\n<meta property=\"og:title\" content=\"Poemas S\u00e9ptimo - Escuela Oriente\" \/>\n<meta property=\"og:description\" content=\"En la asignatura de Lenguaje y Comunicaci\u00f3n o Lengua y Literatura para los cursos de s\u00e9ptimo y octavo, liderada por la profesora Cindy Lizana y utilizando la t\u00e9cnica &#8220;Cad\u00e1ver Exquisito&#8221;, los estudiantes crearon sus poemas de forma colectiva como curso, obteniendo as\u00ed los siguientes resultados que invitamos a leer o disfrutar en el siguiente video [&hellip;]\" \/>\n<meta property=\"og:url\" content=\"https:\/\/escuelaoriente.cl\/index.php\/2022\/05\/03\/poemas-septimo\/\" \/>\n<meta property=\"og:site_name\" content=\"Escuela Oriente\" \/>\n<meta property=\"article:published_time\" content=\"2022-05-03T17:28:32+00:00\" \/>\n<meta property=\"article:modified_time\" content=\"2022-12-01T16:44:42+00:00\" \/>\n<meta property=\"og:image\" content=\"https:\/\/escuelaoriente.cl\/wp-content\/uploads\/2022\/05\/DSC00434-scaled.jpg\" \/>\n\t<meta property=\"og:image:width\" content=\"2560\" \/>\n\t<meta property=\"og:image:height\" content=\"1920\" \/>\n\t<meta property=\"og:image:type\" content=\"image\/jpeg\" \/>\n<meta name=\"author\" content=\"Daniel L\u00f3pez\" \/>\n<meta name=\"twitter:card\" content=\"summary_large_image\" \/>\n<meta name=\"twitter:label1\" content=\"Escrito por\" \/>\n\t<meta name=\"twitter:data1\" content=\"Daniel L\u00f3pez\" \/>\n\t<meta name=\"twitter:label2\" content=\"Tiempo estimado de lectura\" \/>\n\t<meta name=\"twitter:data2\" content=\"3 minutos\" \/>\n<script type=\"application\/ld+json\" class=\"yoast-schema-graph\">{\"@context\":\"https:\/\/schema.org\",\"@graph\":[{\"@type\":\"Article\",\"@id\":\"https:\/\/escuelaoriente.cl\/index.php\/2022\/05\/03\/poemas-septimo\/#article\",\"isPartOf\":{\"@id\":\"https:\/\/escuelaoriente.cl\/index.php\/2022\/05\/03\/poemas-septimo\/\"},\"author\":{\"name\":\"Daniel L\u00f3pez\",\"@id\":\"https:\/\/escuelaoriente.cl\/#\/schema\/person\/c4547097de9940525be02a57072c4073\"},\"headline\":\"Poemas S\u00e9ptimo\",\"datePublished\":\"2022-05-03T17:28:32+00:00\",\"dateModified\":\"2022-12-01T16:44:42+00:00\",\"mainEntityOfPage\":{\"@id\":\"https:\/\/escuelaoriente.cl\/index.php\/2022\/05\/03\/poemas-septimo\/\"},\"wordCount\":588,\"commentCount\":0,\"publisher\":{\"@id\":\"https:\/\/escuelaoriente.cl\/#organization\"},\"image\":{\"@id\":\"https:\/\/escuelaoriente.cl\/index.php\/2022\/05\/03\/poemas-septimo\/#primaryimage\"},\"thumbnailUrl\":\"https:\/\/escuelaoriente.cl\/wp-content\/uploads\/2022\/05\/DSC00434-scaled.jpg\",\"keywords\":[\"Poemas\"],\"articleSection\":[\"Actividades\"],\"inLanguage\":\"es-CL\",\"potentialAction\":[{\"@type\":\"CommentAction\",\"name\":\"Comment\",\"target\":[\"https:\/\/escuelaoriente.cl\/index.php\/2022\/05\/03\/poemas-septimo\/#respond\"]}]},{\"@type\":\"WebPage\",\"@id\":\"https:\/\/escuelaoriente.cl\/index.php\/2022\/05\/03\/poemas-septimo\/\",\"url\":\"https:\/\/escuelaoriente.cl\/index.php\/2022\/05\/03\/poemas-septimo\/\",\"name\":\"Poemas S\u00e9ptimo - Escuela Oriente\",\"isPartOf\":{\"@id\":\"https:\/\/escuelaoriente.cl\/#website\"},\"primaryImageOfPage\":{\"@id\":\"https:\/\/escuelaoriente.cl\/index.php\/2022\/05\/03\/poemas-septimo\/#primaryimage\"},\"image\":{\"@id\":\"https:\/\/escuelaoriente.cl\/index.php\/2022\/05\/03\/poemas-septimo\/#primaryimage\"},\"thumbnailUrl\":\"https:\/\/escuelaoriente.cl\/wp-content\/uploads\/2022\/05\/DSC00434-scaled.jpg\",\"datePublished\":\"2022-05-03T17:28:32+00:00\",\"dateModified\":\"2022-12-01T16:44:42+00:00\",\"breadcrumb\":{\"@id\":\"https:\/\/escuelaoriente.cl\/index.php\/2022\/05\/03\/poemas-septimo\/#breadcrumb\"},\"inLanguage\":\"es-CL\",\"potentialAction\":[{\"@type\":\"ReadAction\",\"target\":[\"https:\/\/escuelaoriente.cl\/index.php\/2022\/05\/03\/poemas-septimo\/\"]}]},{\"@type\":\"ImageObject\",\"inLanguage\":\"es-CL\",\"@id\":\"https:\/\/escuelaoriente.cl\/index.php\/2022\/05\/03\/poemas-septimo\/#primaryimage\",\"url\":\"https:\/\/escuelaoriente.cl\/wp-content\/uploads\/2022\/05\/DSC00434-scaled.jpg\",\"contentUrl\":\"https:\/\/escuelaoriente.cl\/wp-content\/uploads\/2022\/05\/DSC00434-scaled.jpg\",\"width\":2560,\"height\":1920},{\"@type\":\"BreadcrumbList\",\"@id\":\"https:\/\/escuelaoriente.cl\/index.php\/2022\/05\/03\/poemas-septimo\/#breadcrumb\",\"itemListElement\":[{\"@type\":\"ListItem\",\"position\":1,\"name\":\"Portada\",\"item\":\"https:\/\/escuelaoriente.cl\/\"},{\"@type\":\"ListItem\",\"position\":2,\"name\":\"Poemas S\u00e9ptimo\"}]},{\"@type\":\"WebSite\",\"@id\":\"https:\/\/escuelaoriente.cl\/#website\",\"url\":\"https:\/\/escuelaoriente.cl\/\",\"name\":\"Escuela Oriente\",\"description\":\"Escuela p\u00fablica &quot;Oriente&quot; de Quell\u00f3n, Chilo\u00e9\",\"publisher\":{\"@id\":\"https:\/\/escuelaoriente.cl\/#organization\"},\"potentialAction\":[{\"@type\":\"SearchAction\",\"target\":{\"@type\":\"EntryPoint\",\"urlTemplate\":\"https:\/\/escuelaoriente.cl\/?s={search_term_string}\"},\"query-input\":{\"@type\":\"PropertyValueSpecification\",\"valueRequired\":true,\"valueName\":\"search_term_string\"}}],\"inLanguage\":\"es-CL\"},{\"@type\":\"Organization\",\"@id\":\"https:\/\/escuelaoriente.cl\/#organization\",\"name\":\"Escuela Oriente\",\"url\":\"https:\/\/escuelaoriente.cl\/\",\"logo\":{\"@type\":\"ImageObject\",\"inLanguage\":\"es-CL\",\"@id\":\"https:\/\/escuelaoriente.cl\/#\/schema\/logo\/image\/\",\"url\":\"https:\/\/escuelaoriente.cl\/wp-content\/uploads\/2025\/09\/cropped-Logo-escuela-oriente.png\",\"contentUrl\":\"https:\/\/escuelaoriente.cl\/wp-content\/uploads\/2025\/09\/cropped-Logo-escuela-oriente.png\",\"width\":1024,\"height\":1384,\"caption\":\"Escuela Oriente\"},\"image\":{\"@id\":\"https:\/\/escuelaoriente.cl\/#\/schema\/logo\/image\/\"}},{\"@type\":\"Person\",\"@id\":\"https:\/\/escuelaoriente.cl\/#\/schema\/person\/c4547097de9940525be02a57072c4073\",\"name\":\"Daniel L\u00f3pez\",\"image\":{\"@type\":\"ImageObject\",\"inLanguage\":\"es-CL\",\"@id\":\"https:\/\/escuelaoriente.cl\/#\/schema\/person\/image\/\",\"url\":\"https:\/\/secure.gravatar.com\/avatar\/a47f121b2079a76103d60e7beb03d20c0051da85fcfa50087710c77270a0a796?s=96&d=mm&r=g\",\"contentUrl\":\"https:\/\/secure.gravatar.com\/avatar\/a47f121b2079a76103d60e7beb03d20c0051da85fcfa50087710c77270a0a796?s=96&d=mm&r=g\",\"caption\":\"Daniel L\u00f3pez\"},\"url\":\"https:\/\/escuelaoriente.cl\/index.php\/author\/dlopez\/\"}]}<\/script>\n<!-- \/ Yoast SEO plugin. -->","yoast_head_json":{"title":"Poemas S\u00e9ptimo - Escuela Oriente","robots":{"index":"index","follow":"follow","max-snippet":"max-snippet:-1","max-image-preview":"max-image-preview:large","max-video-preview":"max-video-preview:-1"},"canonical":"https:\/\/escuelaoriente.cl\/index.php\/2022\/05\/03\/poemas-septimo\/","og_locale":"es_ES","og_type":"article","og_title":"Poemas S\u00e9ptimo - Escuela Oriente","og_description":"En la asignatura de Lenguaje y Comunicaci\u00f3n o Lengua y Literatura para los cursos de s\u00e9ptimo y octavo, liderada por la profesora Cindy Lizana y utilizando la t\u00e9cnica &#8220;Cad\u00e1ver Exquisito&#8221;, los estudiantes crearon sus poemas de forma colectiva como curso, obteniendo as\u00ed los siguientes resultados que invitamos a leer o disfrutar en el siguiente video [&hellip;]","og_url":"https:\/\/escuelaoriente.cl\/index.php\/2022\/05\/03\/poemas-septimo\/","og_site_name":"Escuela Oriente","article_published_time":"2022-05-03T17:28:32+00:00","article_modified_time":"2022-12-01T16:44:42+00:00","og_image":[{"width":2560,"height":1920,"url":"https:\/\/escuelaoriente.cl\/wp-content\/uploads\/2022\/05\/DSC00434-scaled.jpg","type":"image\/jpeg"}],"author":"Daniel L\u00f3pez","twitter_card":"summary_large_image","twitter_misc":{"Escrito por":"Daniel L\u00f3pez","Tiempo estimado de lectura":"3 minutos"},"schema":{"@context":"https:\/\/schema.org","@graph":[{"@type":"Article","@id":"https:\/\/escuelaoriente.cl\/index.php\/2022\/05\/03\/poemas-septimo\/#article","isPartOf":{"@id":"https:\/\/escuelaoriente.cl\/index.php\/2022\/05\/03\/poemas-septimo\/"},"author":{"name":"Daniel L\u00f3pez","@id":"https:\/\/escuelaoriente.cl\/#\/schema\/person\/c4547097de9940525be02a57072c4073"},"headline":"Poemas S\u00e9ptimo","datePublished":"2022-05-03T17:28:32+00:00","dateModified":"2022-12-01T16:44:42+00:00","mainEntityOfPage":{"@id":"https:\/\/escuelaoriente.cl\/index.php\/2022\/05\/03\/poemas-septimo\/"},"wordCount":588,"commentCount":0,"publisher":{"@id":"https:\/\/escuelaoriente.cl\/#organization"},"image":{"@id":"https:\/\/escuelaoriente.cl\/index.php\/2022\/05\/03\/poemas-septimo\/#primaryimage"},"thumbnailUrl":"https:\/\/escuelaoriente.cl\/wp-content\/uploads\/2022\/05\/DSC00434-scaled.jpg","keywords":["Poemas"],"articleSection":["Actividades"],"inLanguage":"es-CL","potentialAction":[{"@type":"CommentAction","name":"Comment","target":["https:\/\/escuelaoriente.cl\/index.php\/2022\/05\/03\/poemas-septimo\/#respond"]}]},{"@type":"WebPage","@id":"https:\/\/escuelaoriente.cl\/index.php\/2022\/05\/03\/poemas-septimo\/","url":"https:\/\/escuelaoriente.cl\/index.php\/2022\/05\/03\/poemas-septimo\/","name":"Poemas S\u00e9ptimo - Escuela Oriente","isPartOf":{"@id":"https:\/\/escuelaoriente.cl\/#website"},"primaryImageOfPage":{"@id":"https:\/\/escuelaoriente.cl\/index.php\/2022\/05\/03\/poemas-septimo\/#primaryimage"},"image":{"@id":"https:\/\/escuelaoriente.cl\/index.php\/2022\/05\/03\/poemas-septimo\/#primaryimage"},"thumbnailUrl":"https:\/\/escuelaoriente.cl\/wp-content\/uploads\/2022\/05\/DSC00434-scaled.jpg","datePublished":"2022-05-03T17:28:32+00:00","dateModified":"2022-12-01T16:44:42+00:00","breadcrumb":{"@id":"https:\/\/escuelaoriente.cl\/index.php\/2022\/05\/03\/poemas-septimo\/#breadcrumb"},"inLanguage":"es-CL","potentialAction":[{"@type":"ReadAction","target":["https:\/\/escuelaoriente.cl\/index.php\/2022\/05\/03\/poemas-septimo\/"]}]},{"@type":"ImageObject","inLanguage":"es-CL","@id":"https:\/\/escuelaoriente.cl\/index.php\/2022\/05\/03\/poemas-septimo\/#primaryimage","url":"https:\/\/escuelaoriente.cl\/wp-content\/uploads\/2022\/05\/DSC00434-scaled.jpg","contentUrl":"https:\/\/escuelaoriente.cl\/wp-content\/uploads\/2022\/05\/DSC00434-scaled.jpg","width":2560,"height":1920},{"@type":"BreadcrumbList","@id":"https:\/\/escuelaoriente.cl\/index.php\/2022\/05\/03\/poemas-septimo\/#breadcrumb","itemListElement":[{"@type":"ListItem","position":1,"name":"Portada","item":"https:\/\/escuelaoriente.cl\/"},{"@type":"ListItem","position":2,"name":"Poemas S\u00e9ptimo"}]},{"@type":"WebSite","@id":"https:\/\/escuelaoriente.cl\/#website","url":"https:\/\/escuelaoriente.cl\/","name":"Escuela Oriente","description":"Escuela p\u00fablica &quot;Oriente&quot; de Quell\u00f3n, Chilo\u00e9","publisher":{"@id":"https:\/\/escuelaoriente.cl\/#organization"},"potentialAction":[{"@type":"SearchAction","target":{"@type":"EntryPoint","urlTemplate":"https:\/\/escuelaoriente.cl\/?s={search_term_string}"},"query-input":{"@type":"PropertyValueSpecification","valueRequired":true,"valueName":"search_term_string"}}],"inLanguage":"es-CL"},{"@type":"Organization","@id":"https:\/\/escuelaoriente.cl\/#organization","name":"Escuela Oriente","url":"https:\/\/escuelaoriente.cl\/","logo":{"@type":"ImageObject","inLanguage":"es-CL","@id":"https:\/\/escuelaoriente.cl\/#\/schema\/logo\/image\/","url":"https:\/\/escuelaoriente.cl\/wp-content\/uploads\/2025\/09\/cropped-Logo-escuela-oriente.png","contentUrl":"https:\/\/escuelaoriente.cl\/wp-content\/uploads\/2025\/09\/cropped-Logo-escuela-oriente.png","width":1024,"height":1384,"caption":"Escuela Oriente"},"image":{"@id":"https:\/\/escuelaoriente.cl\/#\/schema\/logo\/image\/"}},{"@type":"Person","@id":"https:\/\/escuelaoriente.cl\/#\/schema\/person\/c4547097de9940525be02a57072c4073","name":"Daniel L\u00f3pez","image":{"@type":"ImageObject","inLanguage":"es-CL","@id":"https:\/\/escuelaoriente.cl\/#\/schema\/person\/image\/","url":"https:\/\/secure.gravatar.com\/avatar\/a47f121b2079a76103d60e7beb03d20c0051da85fcfa50087710c77270a0a796?s=96&d=mm&r=g","contentUrl":"https:\/\/secure.gravatar.com\/avatar\/a47f121b2079a76103d60e7beb03d20c0051da85fcfa50087710c77270a0a796?s=96&d=mm&r=g","caption":"Daniel L\u00f3pez"},"url":"https:\/\/escuelaoriente.cl\/index.php\/author\/dlopez\/"}]}},"_links":{"self":[{"href":"https:\/\/escuelaoriente.cl\/index.php\/wp-json\/wp\/v2\/posts\/176","targetHints":{"allow":["GET"]}}],"collection":[{"href":"https:\/\/escuelaoriente.cl\/index.php\/wp-json\/wp\/v2\/posts"}],"about":[{"href":"https:\/\/escuelaoriente.cl\/index.php\/wp-json\/wp\/v2\/types\/post"}],"author":[{"embeddable":true,"href":"https:\/\/escuelaoriente.cl\/index.php\/wp-json\/wp\/v2\/users\/5"}],"replies":[{"embeddable":true,"href":"https:\/\/escuelaoriente.cl\/index.php\/wp-json\/wp\/v2\/comments?post=176"}],"version-history":[{"count":58,"href":"https:\/\/escuelaoriente.cl\/index.php\/wp-json\/wp\/v2\/posts\/176\/revisions"}],"predecessor-version":[{"id":297,"href":"https:\/\/escuelaoriente.cl\/index.php\/wp-json\/wp\/v2\/posts\/176\/revisions\/297"}],"wp:featuredmedia":[{"embeddable":true,"href":"https:\/\/escuelaoriente.cl\/index.php\/wp-json\/wp\/v2\/media\/177"}],"wp:attachment":[{"href":"https:\/\/escuelaoriente.cl\/index.php\/wp-json\/wp\/v2\/media?parent=176"}],"wp:term":[{"taxonomy":"category","embeddable":true,"href":"https:\/\/escuelaoriente.cl\/index.php\/wp-json\/wp\/v2\/categories?post=176"},{"taxonomy":"post_tag","embeddable":true,"href":"https:\/\/escuelaoriente.cl\/index.php\/wp-json\/wp\/v2\/tags?post=176"}],"curies":[{"name":"wp","href":"https:\/\/api.w.org\/{rel}","templated":true}]}}