{"id":336,"date":"2022-09-28T14:24:41","date_gmt":"2022-09-28T17:24:41","guid":{"rendered":"https:\/\/escuelaoriente.cl\/?p=336"},"modified":"2022-12-01T13:48:26","modified_gmt":"2022-12-01T16:48:26","slug":"bienvenido-septiembre-mes-de-nuestra-patria","status":"publish","type":"post","link":"https:\/\/escuelaoriente.cl\/index.php\/2022\/09\/28\/bienvenido-septiembre-mes-de-nuestra-patria\/","title":{"rendered":"\u00a1Bienvenido Septiembre, mes de nuestra patria!"},"content":{"rendered":"<p>Registro del desfile escolar municipal en conmemoraci\u00f3n de las Fiestas Patrias por el cumplea\u00f1os 212 de nuestro pa\u00eds. Felicitamos a cada uno de nuestros estudiantes y funcionarios por la impecable presentaci\u00f3n.<\/p>\n<p>Revisa las fotos <a href=\"https:\/\/web.facebook.com\/escuela.orientequellon\/posts\/pfbid02ipFWeqmxYC1mJirCeSC5Rtt5sXXmp7sWyv4zyCawfEFdv1pENVvix4nLb7FsHbWel\">AQU\u00cd<\/a><\/p>\n<p>https:\/\/youtu.be\/XjOamHtwKJY<\/p>\n","protected":false},"excerpt":{"rendered":"<p>Registro del desfile escolar municipal en conmemoraci\u00f3n de las Fiestas Patrias por el cumplea\u00f1os 212 de nuestro pa\u00eds. Felicitamos a cada uno de nuestros estudiantes y funcionarios por la impecable presentaci\u00f3n. Revisa las fotos AQU\u00cd https:\/\/youtu.be\/XjOamHtwKJY<\/p>\n","protected":false},"author":5,"featured_media":342,"comment_status":"closed","ping_status":"closed","sticky":false,"template":"","format":"standard","meta":{"footnotes":""},"categories":[17],"tags":[46,45],"class_list":["post-336","post","type-post","status-publish","format-standard","has-post-thumbnail","hentry","category-actividades","tag-desfile","tag-septiembre"],"yoast_head":"<!-- This site is optimized with the Yoast SEO plugin v26.2 - https:\/\/yoast.com\/wordpress\/plugins\/seo\/ -->\n<title>\u00a1Bienvenido Septiembre, mes de nuestra patria! - Escuela Oriente<\/title>\n<meta name=\"robots\" content=\"index, follow, max-snippet:-1, max-image-preview:large, max-video-preview:-1\" \/>\n<link rel=\"canonical\" href=\"https:\/\/escuelaoriente.cl\/index.php\/2022\/09\/28\/bienvenido-septiembre-mes-de-nuestra-patria\/\" \/>\n<meta property=\"og:locale\" content=\"es_ES\" \/>\n<meta property=\"og:type\" content=\"article\" \/>\n<meta property=\"og:title\" content=\"\u00a1Bienvenido Septiembre, mes de nuestra patria! - Escuela Oriente\" \/>\n<meta property=\"og:description\" content=\"Registro del desfile escolar municipal en conmemoraci\u00f3n de las Fiestas Patrias por el cumplea\u00f1os 212 de nuestro pa\u00eds. Felicitamos a cada uno de nuestros estudiantes y funcionarios por la impecable presentaci\u00f3n. Revisa las fotos AQU\u00cd https:\/\/youtu.be\/XjOamHtwKJY\" \/>\n<meta property=\"og:url\" content=\"https:\/\/escuelaoriente.cl\/index.php\/2022\/09\/28\/bienvenido-septiembre-mes-de-nuestra-patria\/\" \/>\n<meta property=\"og:site_name\" content=\"Escuela Oriente\" \/>\n<meta property=\"article:published_time\" content=\"2022-09-28T17:24:41+00:00\" \/>\n<meta property=\"article:modified_time\" content=\"2022-12-01T16:48:26+00:00\" \/>\n<meta property=\"og:image\" content=\"https:\/\/escuelaoriente.cl\/wp-content\/uploads\/2022\/09\/309049202_3324305591224375_8793348998337689649_n-1.jpg\" \/>\n\t<meta property=\"og:image:width\" content=\"2048\" \/>\n\t<meta property=\"og:image:height\" content=\"1365\" \/>\n\t<meta property=\"og:image:type\" content=\"image\/jpeg\" \/>\n<meta name=\"author\" content=\"Daniel L\u00f3pez\" \/>\n<meta name=\"twitter:card\" content=\"summary_large_image\" \/>\n<meta name=\"twitter:label1\" content=\"Escrito por\" \/>\n\t<meta name=\"twitter:data1\" content=\"Daniel L\u00f3pez\" \/>\n<script type=\"application\/ld+json\" class=\"yoast-schema-graph\">{\"@context\":\"https:\/\/schema.org\",\"@graph\":[{\"@type\":\"Article\",\"@id\":\"https:\/\/escuelaoriente.cl\/index.php\/2022\/09\/28\/bienvenido-septiembre-mes-de-nuestra-patria\/#article\",\"isPartOf\":{\"@id\":\"https:\/\/escuelaoriente.cl\/index.php\/2022\/09\/28\/bienvenido-septiembre-mes-de-nuestra-patria\/\"},\"author\":{\"name\":\"Daniel L\u00f3pez\",\"@id\":\"https:\/\/escuelaoriente.cl\/#\/schema\/person\/c4547097de9940525be02a57072c4073\"},\"headline\":\"\u00a1Bienvenido Septiembre, mes de nuestra patria!\",\"datePublished\":\"2022-09-28T17:24:41+00:00\",\"dateModified\":\"2022-12-01T16:48:26+00:00\",\"mainEntityOfPage\":{\"@id\":\"https:\/\/escuelaoriente.cl\/index.php\/2022\/09\/28\/bienvenido-septiembre-mes-de-nuestra-patria\/\"},\"wordCount\":48,\"publisher\":{\"@id\":\"https:\/\/escuelaoriente.cl\/#organization\"},\"image\":{\"@id\":\"https:\/\/escuelaoriente.cl\/index.php\/2022\/09\/28\/bienvenido-septiembre-mes-de-nuestra-patria\/#primaryimage\"},\"thumbnailUrl\":\"https:\/\/escuelaoriente.cl\/wp-content\/uploads\/2022\/09\/309049202_3324305591224375_8793348998337689649_n-1.jpg\",\"keywords\":[\"desfile\",\"Septiembre\"],\"articleSection\":[\"Actividades\"],\"inLanguage\":\"es-CL\"},{\"@type\":\"WebPage\",\"@id\":\"https:\/\/escuelaoriente.cl\/index.php\/2022\/09\/28\/bienvenido-septiembre-mes-de-nuestra-patria\/\",\"url\":\"https:\/\/escuelaoriente.cl\/index.php\/2022\/09\/28\/bienvenido-septiembre-mes-de-nuestra-patria\/\",\"name\":\"\u00a1Bienvenido Septiembre, mes de nuestra patria! - Escuela Oriente\",\"isPartOf\":{\"@id\":\"https:\/\/escuelaoriente.cl\/#website\"},\"primaryImageOfPage\":{\"@id\":\"https:\/\/escuelaoriente.cl\/index.php\/2022\/09\/28\/bienvenido-septiembre-mes-de-nuestra-patria\/#primaryimage\"},\"image\":{\"@id\":\"https:\/\/escuelaoriente.cl\/index.php\/2022\/09\/28\/bienvenido-septiembre-mes-de-nuestra-patria\/#primaryimage\"},\"thumbnailUrl\":\"https:\/\/escuelaoriente.cl\/wp-content\/uploads\/2022\/09\/309049202_3324305591224375_8793348998337689649_n-1.jpg\",\"datePublished\":\"2022-09-28T17:24:41+00:00\",\"dateModified\":\"2022-12-01T16:48:26+00:00\",\"breadcrumb\":{\"@id\":\"https:\/\/escuelaoriente.cl\/index.php\/2022\/09\/28\/bienvenido-septiembre-mes-de-nuestra-patria\/#breadcrumb\"},\"inLanguage\":\"es-CL\",\"potentialAction\":[{\"@type\":\"ReadAction\",\"target\":[\"https:\/\/escuelaoriente.cl\/index.php\/2022\/09\/28\/bienvenido-septiembre-mes-de-nuestra-patria\/\"]}]},{\"@type\":\"ImageObject\",\"inLanguage\":\"es-CL\",\"@id\":\"https:\/\/escuelaoriente.cl\/index.php\/2022\/09\/28\/bienvenido-septiembre-mes-de-nuestra-patria\/#primaryimage\",\"url\":\"https:\/\/escuelaoriente.cl\/wp-content\/uploads\/2022\/09\/309049202_3324305591224375_8793348998337689649_n-1.jpg\",\"contentUrl\":\"https:\/\/escuelaoriente.cl\/wp-content\/uploads\/2022\/09\/309049202_3324305591224375_8793348998337689649_n-1.jpg\",\"width\":2048,\"height\":1365},{\"@type\":\"BreadcrumbList\",\"@id\":\"https:\/\/escuelaoriente.cl\/index.php\/2022\/09\/28\/bienvenido-septiembre-mes-de-nuestra-patria\/#breadcrumb\",\"itemListElement\":[{\"@type\":\"ListItem\",\"position\":1,\"name\":\"Portada\",\"item\":\"https:\/\/escuelaoriente.cl\/\"},{\"@type\":\"ListItem\",\"position\":2,\"name\":\"\u00a1Bienvenido Septiembre, mes de nuestra patria!\"}]},{\"@type\":\"WebSite\",\"@id\":\"https:\/\/escuelaoriente.cl\/#website\",\"url\":\"https:\/\/escuelaoriente.cl\/\",\"name\":\"Escuela Oriente\",\"description\":\"Escuela p\u00fablica &quot;Oriente&quot; de Quell\u00f3n, Chilo\u00e9\",\"publisher\":{\"@id\":\"https:\/\/escuelaoriente.cl\/#organization\"},\"potentialAction\":[{\"@type\":\"SearchAction\",\"target\":{\"@type\":\"EntryPoint\",\"urlTemplate\":\"https:\/\/escuelaoriente.cl\/?s={search_term_string}\"},\"query-input\":{\"@type\":\"PropertyValueSpecification\",\"valueRequired\":true,\"valueName\":\"search_term_string\"}}],\"inLanguage\":\"es-CL\"},{\"@type\":\"Organization\",\"@id\":\"https:\/\/escuelaoriente.cl\/#organization\",\"name\":\"Escuela Oriente\",\"url\":\"https:\/\/escuelaoriente.cl\/\",\"logo\":{\"@type\":\"ImageObject\",\"inLanguage\":\"es-CL\",\"@id\":\"https:\/\/escuelaoriente.cl\/#\/schema\/logo\/image\/\",\"url\":\"https:\/\/escuelaoriente.cl\/wp-content\/uploads\/2025\/09\/cropped-Logo-escuela-oriente.png\",\"contentUrl\":\"https:\/\/escuelaoriente.cl\/wp-content\/uploads\/2025\/09\/cropped-Logo-escuela-oriente.png\",\"width\":1024,\"height\":1384,\"caption\":\"Escuela Oriente\"},\"image\":{\"@id\":\"https:\/\/escuelaoriente.cl\/#\/schema\/logo\/image\/\"}},{\"@type\":\"Person\",\"@id\":\"https:\/\/escuelaoriente.cl\/#\/schema\/person\/c4547097de9940525be02a57072c4073\",\"name\":\"Daniel L\u00f3pez\",\"image\":{\"@type\":\"ImageObject\",\"inLanguage\":\"es-CL\",\"@id\":\"https:\/\/escuelaoriente.cl\/#\/schema\/person\/image\/\",\"url\":\"https:\/\/secure.gravatar.com\/avatar\/a47f121b2079a76103d60e7beb03d20c0051da85fcfa50087710c77270a0a796?s=96&d=mm&r=g\",\"contentUrl\":\"https:\/\/secure.gravatar.com\/avatar\/a47f121b2079a76103d60e7beb03d20c0051da85fcfa50087710c77270a0a796?s=96&d=mm&r=g\",\"caption\":\"Daniel L\u00f3pez\"},\"url\":\"https:\/\/escuelaoriente.cl\/index.php\/author\/dlopez\/\"}]}<\/script>\n<!-- \/ Yoast SEO plugin. -->","yoast_head_json":{"title":"\u00a1Bienvenido Septiembre, mes de nuestra patria! - Escuela Oriente","robots":{"index":"index","follow":"follow","max-snippet":"max-snippet:-1","max-image-preview":"max-image-preview:large","max-video-preview":"max-video-preview:-1"},"canonical":"https:\/\/escuelaoriente.cl\/index.php\/2022\/09\/28\/bienvenido-septiembre-mes-de-nuestra-patria\/","og_locale":"es_ES","og_type":"article","og_title":"\u00a1Bienvenido Septiembre, mes de nuestra patria! - Escuela Oriente","og_description":"Registro del desfile escolar municipal en conmemoraci\u00f3n de las Fiestas Patrias por el cumplea\u00f1os 212 de nuestro pa\u00eds. Felicitamos a cada uno de nuestros estudiantes y funcionarios por la impecable presentaci\u00f3n. Revisa las fotos AQU\u00cd https:\/\/youtu.be\/XjOamHtwKJY","og_url":"https:\/\/escuelaoriente.cl\/index.php\/2022\/09\/28\/bienvenido-septiembre-mes-de-nuestra-patria\/","og_site_name":"Escuela Oriente","article_published_time":"2022-09-28T17:24:41+00:00","article_modified_time":"2022-12-01T16:48:26+00:00","og_image":[{"width":2048,"height":1365,"url":"https:\/\/escuelaoriente.cl\/wp-content\/uploads\/2022\/09\/309049202_3324305591224375_8793348998337689649_n-1.jpg","type":"image\/jpeg"}],"author":"Daniel L\u00f3pez","twitter_card":"summary_large_image","twitter_misc":{"Escrito por":"Daniel L\u00f3pez"},"schema":{"@context":"https:\/\/schema.org","@graph":[{"@type":"Article","@id":"https:\/\/escuelaoriente.cl\/index.php\/2022\/09\/28\/bienvenido-septiembre-mes-de-nuestra-patria\/#article","isPartOf":{"@id":"https:\/\/escuelaoriente.cl\/index.php\/2022\/09\/28\/bienvenido-septiembre-mes-de-nuestra-patria\/"},"author":{"name":"Daniel L\u00f3pez","@id":"https:\/\/escuelaoriente.cl\/#\/schema\/person\/c4547097de9940525be02a57072c4073"},"headline":"\u00a1Bienvenido Septiembre, mes de nuestra patria!","datePublished":"2022-09-28T17:24:41+00:00","dateModified":"2022-12-01T16:48:26+00:00","mainEntityOfPage":{"@id":"https:\/\/escuelaoriente.cl\/index.php\/2022\/09\/28\/bienvenido-septiembre-mes-de-nuestra-patria\/"},"wordCount":48,"publisher":{"@id":"https:\/\/escuelaoriente.cl\/#organization"},"image":{"@id":"https:\/\/escuelaoriente.cl\/index.php\/2022\/09\/28\/bienvenido-septiembre-mes-de-nuestra-patria\/#primaryimage"},"thumbnailUrl":"https:\/\/escuelaoriente.cl\/wp-content\/uploads\/2022\/09\/309049202_3324305591224375_8793348998337689649_n-1.jpg","keywords":["desfile","Septiembre"],"articleSection":["Actividades"],"inLanguage":"es-CL"},{"@type":"WebPage","@id":"https:\/\/escuelaoriente.cl\/index.php\/2022\/09\/28\/bienvenido-septiembre-mes-de-nuestra-patria\/","url":"https:\/\/escuelaoriente.cl\/index.php\/2022\/09\/28\/bienvenido-septiembre-mes-de-nuestra-patria\/","name":"\u00a1Bienvenido Septiembre, mes de nuestra patria! - Escuela Oriente","isPartOf":{"@id":"https:\/\/escuelaoriente.cl\/#website"},"primaryImageOfPage":{"@id":"https:\/\/escuelaoriente.cl\/index.php\/2022\/09\/28\/bienvenido-septiembre-mes-de-nuestra-patria\/#primaryimage"},"image":{"@id":"https:\/\/escuelaoriente.cl\/index.php\/2022\/09\/28\/bienvenido-septiembre-mes-de-nuestra-patria\/#primaryimage"},"thumbnailUrl":"https:\/\/escuelaoriente.cl\/wp-content\/uploads\/2022\/09\/309049202_3324305591224375_8793348998337689649_n-1.jpg","datePublished":"2022-09-28T17:24:41+00:00","dateModified":"2022-12-01T16:48:26+00:00","breadcrumb":{"@id":"https:\/\/escuelaoriente.cl\/index.php\/2022\/09\/28\/bienvenido-septiembre-mes-de-nuestra-patria\/#breadcrumb"},"inLanguage":"es-CL","potentialAction":[{"@type":"ReadAction","target":["https:\/\/escuelaoriente.cl\/index.php\/2022\/09\/28\/bienvenido-septiembre-mes-de-nuestra-patria\/"]}]},{"@type":"ImageObject","inLanguage":"es-CL","@id":"https:\/\/escuelaoriente.cl\/index.php\/2022\/09\/28\/bienvenido-septiembre-mes-de-nuestra-patria\/#primaryimage","url":"https:\/\/escuelaoriente.cl\/wp-content\/uploads\/2022\/09\/309049202_3324305591224375_8793348998337689649_n-1.jpg","contentUrl":"https:\/\/escuelaoriente.cl\/wp-content\/uploads\/2022\/09\/309049202_3324305591224375_8793348998337689649_n-1.jpg","width":2048,"height":1365},{"@type":"BreadcrumbList","@id":"https:\/\/escuelaoriente.cl\/index.php\/2022\/09\/28\/bienvenido-septiembre-mes-de-nuestra-patria\/#breadcrumb","itemListElement":[{"@type":"ListItem","position":1,"name":"Portada","item":"https:\/\/escuelaoriente.cl\/"},{"@type":"ListItem","position":2,"name":"\u00a1Bienvenido Septiembre, mes de nuestra patria!"}]},{"@type":"WebSite","@id":"https:\/\/escuelaoriente.cl\/#website","url":"https:\/\/escuelaoriente.cl\/","name":"Escuela Oriente","description":"Escuela p\u00fablica &quot;Oriente&quot; de Quell\u00f3n, Chilo\u00e9","publisher":{"@id":"https:\/\/escuelaoriente.cl\/#organization"},"potentialAction":[{"@type":"SearchAction","target":{"@type":"EntryPoint","urlTemplate":"https:\/\/escuelaoriente.cl\/?s={search_term_string}"},"query-input":{"@type":"PropertyValueSpecification","valueRequired":true,"valueName":"search_term_string"}}],"inLanguage":"es-CL"},{"@type":"Organization","@id":"https:\/\/escuelaoriente.cl\/#organization","name":"Escuela Oriente","url":"https:\/\/escuelaoriente.cl\/","logo":{"@type":"ImageObject","inLanguage":"es-CL","@id":"https:\/\/escuelaoriente.cl\/#\/schema\/logo\/image\/","url":"https:\/\/escuelaoriente.cl\/wp-content\/uploads\/2025\/09\/cropped-Logo-escuela-oriente.png","contentUrl":"https:\/\/escuelaoriente.cl\/wp-content\/uploads\/2025\/09\/cropped-Logo-escuela-oriente.png","width":1024,"height":1384,"caption":"Escuela Oriente"},"image":{"@id":"https:\/\/escuelaoriente.cl\/#\/schema\/logo\/image\/"}},{"@type":"Person","@id":"https:\/\/escuelaoriente.cl\/#\/schema\/person\/c4547097de9940525be02a57072c4073","name":"Daniel L\u00f3pez","image":{"@type":"ImageObject","inLanguage":"es-CL","@id":"https:\/\/escuelaoriente.cl\/#\/schema\/person\/image\/","url":"https:\/\/secure.gravatar.com\/avatar\/a47f121b2079a76103d60e7beb03d20c0051da85fcfa50087710c77270a0a796?s=96&d=mm&r=g","contentUrl":"https:\/\/secure.gravatar.com\/avatar\/a47f121b2079a76103d60e7beb03d20c0051da85fcfa50087710c77270a0a796?s=96&d=mm&r=g","caption":"Daniel L\u00f3pez"},"url":"https:\/\/escuelaoriente.cl\/index.php\/author\/dlopez\/"}]}},"_links":{"self":[{"href":"https:\/\/escuelaoriente.cl\/index.php\/wp-json\/wp\/v2\/posts\/336","targetHints":{"allow":["GET"]}}],"collection":[{"href":"https:\/\/escuelaoriente.cl\/index.php\/wp-json\/wp\/v2\/posts"}],"about":[{"href":"https:\/\/escuelaoriente.cl\/index.php\/wp-json\/wp\/v2\/types\/post"}],"author":[{"embeddable":true,"href":"https:\/\/escuelaoriente.cl\/index.php\/wp-json\/wp\/v2\/users\/5"}],"replies":[{"embeddable":true,"href":"https:\/\/escuelaoriente.cl\/index.php\/wp-json\/wp\/v2\/comments?post=336"}],"version-history":[{"count":36,"href":"https:\/\/escuelaoriente.cl\/index.php\/wp-json\/wp\/v2\/posts\/336\/revisions"}],"predecessor-version":[{"id":380,"href":"https:\/\/escuelaoriente.cl\/index.php\/wp-json\/wp\/v2\/posts\/336\/revisions\/380"}],"wp:featuredmedia":[{"embeddable":true,"href":"https:\/\/escuelaoriente.cl\/index.php\/wp-json\/wp\/v2\/media\/342"}],"wp:attachment":[{"href":"https:\/\/escuelaoriente.cl\/index.php\/wp-json\/wp\/v2\/media?parent=336"}],"wp:term":[{"taxonomy":"category","embeddable":true,"href":"https:\/\/escuelaoriente.cl\/index.php\/wp-json\/wp\/v2\/categories?post=336"},{"taxonomy":"post_tag","embeddable":true,"href":"https:\/\/escuelaoriente.cl\/index.php\/wp-json\/wp\/v2\/tags?post=336"}],"curies":[{"name":"wp","href":"https:\/\/api.w.org\/{rel}","templated":true}]}}