{"id":416,"date":"2022-11-28T18:05:48","date_gmt":"2022-11-28T21:05:48","guid":{"rendered":"https:\/\/escuelaoriente.cl\/?p=416"},"modified":"2022-12-01T13:42:59","modified_gmt":"2022-12-01T16:42:59","slug":"cumplimos-21-anos","status":"publish","type":"post","link":"https:\/\/escuelaoriente.cl\/index.php\/2022\/11\/28\/cumplimos-21-anos\/","title":{"rendered":"Cumplimos 21 a\u00f1os!"},"content":{"rendered":"\n<p>Emplazada en la zona urbana oriente de la comuna de Quell\u00f3n, la \u201cEscuela Oriente\u201d cumpli\u00f3 21 a\u00f1os de servicio educativo en la ciudad. Un nuevo aniversario que transforma a este establecimiento educacional como uno de los m\u00e1s antiguos de la comuna y son sus a\u00f1os de historia al servicio de la educaci\u00f3n los que destacan, tiempo en el cual se han formado generaciones de estudiantes que posteriormente se han desempe\u00f1ado en distintos \u00e1mbitos del quehacer nacional.<\/p>\n\n\n\n<p>Revisa el reportaje realizado por HITO CERO TELEVISI\u00d3N<\/p>\n\n\n\n<figure class=\"wp-block-embed is-type-video is-provider-youtube wp-block-embed-youtube wp-embed-aspect-16-9 wp-has-aspect-ratio\"><div class=\"wp-block-embed__wrapper\">\n<iframe loading=\"lazy\" title=\"Escuela Oriente de Quell\u00f3n cumpli\u00f3 21 a\u00f1os de servicio a la comunidad | Quell\u00f3n Informa\" width=\"640\" height=\"360\" src=\"https:\/\/www.youtube.com\/embed\/HqIbPS4MUg8?feature=oembed\" frameborder=\"0\" allow=\"accelerometer; autoplay; clipboard-write; encrypted-media; gyroscope; picture-in-picture; web-share\" referrerpolicy=\"strict-origin-when-cross-origin\" allowfullscreen><\/iframe>\n<\/div><\/figure>\n","protected":false},"excerpt":{"rendered":"<p>Emplazada en la zona urbana oriente de la comuna de Quell\u00f3n, la \u201cEscuela Oriente\u201d cumpli\u00f3 21 a\u00f1os de servicio educativo en la ciudad. Un nuevo aniversario que transforma a este establecimiento educacional como uno de los m\u00e1s antiguos de la comuna y son sus a\u00f1os de historia al servicio de la educaci\u00f3n los que destacan, [&hellip;]<\/p>\n","protected":false},"author":5,"featured_media":404,"comment_status":"closed","ping_status":"closed","sticky":false,"template":"","format":"standard","meta":{"footnotes":""},"categories":[14],"tags":[40,41],"class_list":["post-416","post","type-post","status-publish","format-standard","has-post-thumbnail","hentry","category-ceremonias","tag-21-anos","tag-aniversario"],"yoast_head":"<!-- This site is optimized with the Yoast SEO plugin v26.2 - https:\/\/yoast.com\/wordpress\/plugins\/seo\/ -->\n<title>Cumplimos 21 a\u00f1os! - Escuela Oriente<\/title>\n<meta name=\"robots\" content=\"index, follow, max-snippet:-1, max-image-preview:large, max-video-preview:-1\" \/>\n<link rel=\"canonical\" href=\"https:\/\/escuelaoriente.cl\/index.php\/2022\/11\/28\/cumplimos-21-anos\/\" \/>\n<meta property=\"og:locale\" content=\"es_ES\" \/>\n<meta property=\"og:type\" content=\"article\" \/>\n<meta property=\"og:title\" content=\"Cumplimos 21 a\u00f1os! - Escuela Oriente\" \/>\n<meta property=\"og:description\" content=\"Emplazada en la zona urbana oriente de la comuna de Quell\u00f3n, la \u201cEscuela Oriente\u201d cumpli\u00f3 21 a\u00f1os de servicio educativo en la ciudad. Un nuevo aniversario que transforma a este establecimiento educacional como uno de los m\u00e1s antiguos de la comuna y son sus a\u00f1os de historia al servicio de la educaci\u00f3n los que destacan, [&hellip;]\" \/>\n<meta property=\"og:url\" content=\"https:\/\/escuelaoriente.cl\/index.php\/2022\/11\/28\/cumplimos-21-anos\/\" \/>\n<meta property=\"og:site_name\" content=\"Escuela Oriente\" \/>\n<meta property=\"article:published_time\" content=\"2022-11-28T21:05:48+00:00\" \/>\n<meta property=\"article:modified_time\" content=\"2022-12-01T16:42:59+00:00\" \/>\n<meta property=\"og:image\" content=\"https:\/\/escuelaoriente.cl\/wp-content\/uploads\/2022\/11\/cumpleanos.png\" \/>\n\t<meta property=\"og:image:width\" content=\"738\" \/>\n\t<meta property=\"og:image:height\" content=\"473\" \/>\n\t<meta property=\"og:image:type\" content=\"image\/png\" \/>\n<meta name=\"author\" content=\"Daniel L\u00f3pez\" \/>\n<meta name=\"twitter:card\" content=\"summary_large_image\" \/>\n<meta name=\"twitter:label1\" content=\"Escrito por\" \/>\n\t<meta name=\"twitter:data1\" content=\"Daniel L\u00f3pez\" \/>\n<script type=\"application\/ld+json\" class=\"yoast-schema-graph\">{\"@context\":\"https:\/\/schema.org\",\"@graph\":[{\"@type\":\"Article\",\"@id\":\"https:\/\/escuelaoriente.cl\/index.php\/2022\/11\/28\/cumplimos-21-anos\/#article\",\"isPartOf\":{\"@id\":\"https:\/\/escuelaoriente.cl\/index.php\/2022\/11\/28\/cumplimos-21-anos\/\"},\"author\":{\"name\":\"Daniel L\u00f3pez\",\"@id\":\"https:\/\/escuelaoriente.cl\/#\/schema\/person\/c4547097de9940525be02a57072c4073\"},\"headline\":\"Cumplimos 21 a\u00f1os!\",\"datePublished\":\"2022-11-28T21:05:48+00:00\",\"dateModified\":\"2022-12-01T16:42:59+00:00\",\"mainEntityOfPage\":{\"@id\":\"https:\/\/escuelaoriente.cl\/index.php\/2022\/11\/28\/cumplimos-21-anos\/\"},\"wordCount\":98,\"publisher\":{\"@id\":\"https:\/\/escuelaoriente.cl\/#organization\"},\"image\":{\"@id\":\"https:\/\/escuelaoriente.cl\/index.php\/2022\/11\/28\/cumplimos-21-anos\/#primaryimage\"},\"thumbnailUrl\":\"https:\/\/escuelaoriente.cl\/wp-content\/uploads\/2022\/11\/cumpleanos.png\",\"keywords\":[\"21 a\u00f1os\",\"aniversario\"],\"articleSection\":[\"Ceremonias\"],\"inLanguage\":\"es-CL\"},{\"@type\":\"WebPage\",\"@id\":\"https:\/\/escuelaoriente.cl\/index.php\/2022\/11\/28\/cumplimos-21-anos\/\",\"url\":\"https:\/\/escuelaoriente.cl\/index.php\/2022\/11\/28\/cumplimos-21-anos\/\",\"name\":\"Cumplimos 21 a\u00f1os! - Escuela Oriente\",\"isPartOf\":{\"@id\":\"https:\/\/escuelaoriente.cl\/#website\"},\"primaryImageOfPage\":{\"@id\":\"https:\/\/escuelaoriente.cl\/index.php\/2022\/11\/28\/cumplimos-21-anos\/#primaryimage\"},\"image\":{\"@id\":\"https:\/\/escuelaoriente.cl\/index.php\/2022\/11\/28\/cumplimos-21-anos\/#primaryimage\"},\"thumbnailUrl\":\"https:\/\/escuelaoriente.cl\/wp-content\/uploads\/2022\/11\/cumpleanos.png\",\"datePublished\":\"2022-11-28T21:05:48+00:00\",\"dateModified\":\"2022-12-01T16:42:59+00:00\",\"breadcrumb\":{\"@id\":\"https:\/\/escuelaoriente.cl\/index.php\/2022\/11\/28\/cumplimos-21-anos\/#breadcrumb\"},\"inLanguage\":\"es-CL\",\"potentialAction\":[{\"@type\":\"ReadAction\",\"target\":[\"https:\/\/escuelaoriente.cl\/index.php\/2022\/11\/28\/cumplimos-21-anos\/\"]}]},{\"@type\":\"ImageObject\",\"inLanguage\":\"es-CL\",\"@id\":\"https:\/\/escuelaoriente.cl\/index.php\/2022\/11\/28\/cumplimos-21-anos\/#primaryimage\",\"url\":\"https:\/\/escuelaoriente.cl\/wp-content\/uploads\/2022\/11\/cumpleanos.png\",\"contentUrl\":\"https:\/\/escuelaoriente.cl\/wp-content\/uploads\/2022\/11\/cumpleanos.png\",\"width\":738,\"height\":473},{\"@type\":\"BreadcrumbList\",\"@id\":\"https:\/\/escuelaoriente.cl\/index.php\/2022\/11\/28\/cumplimos-21-anos\/#breadcrumb\",\"itemListElement\":[{\"@type\":\"ListItem\",\"position\":1,\"name\":\"Portada\",\"item\":\"https:\/\/escuelaoriente.cl\/\"},{\"@type\":\"ListItem\",\"position\":2,\"name\":\"Cumplimos 21 a\u00f1os!\"}]},{\"@type\":\"WebSite\",\"@id\":\"https:\/\/escuelaoriente.cl\/#website\",\"url\":\"https:\/\/escuelaoriente.cl\/\",\"name\":\"Escuela Oriente\",\"description\":\"Escuela p\u00fablica &quot;Oriente&quot; de Quell\u00f3n, Chilo\u00e9\",\"publisher\":{\"@id\":\"https:\/\/escuelaoriente.cl\/#organization\"},\"potentialAction\":[{\"@type\":\"SearchAction\",\"target\":{\"@type\":\"EntryPoint\",\"urlTemplate\":\"https:\/\/escuelaoriente.cl\/?s={search_term_string}\"},\"query-input\":{\"@type\":\"PropertyValueSpecification\",\"valueRequired\":true,\"valueName\":\"search_term_string\"}}],\"inLanguage\":\"es-CL\"},{\"@type\":\"Organization\",\"@id\":\"https:\/\/escuelaoriente.cl\/#organization\",\"name\":\"Escuela Oriente\",\"url\":\"https:\/\/escuelaoriente.cl\/\",\"logo\":{\"@type\":\"ImageObject\",\"inLanguage\":\"es-CL\",\"@id\":\"https:\/\/escuelaoriente.cl\/#\/schema\/logo\/image\/\",\"url\":\"https:\/\/escuelaoriente.cl\/wp-content\/uploads\/2025\/09\/cropped-Logo-escuela-oriente.png\",\"contentUrl\":\"https:\/\/escuelaoriente.cl\/wp-content\/uploads\/2025\/09\/cropped-Logo-escuela-oriente.png\",\"width\":1024,\"height\":1384,\"caption\":\"Escuela Oriente\"},\"image\":{\"@id\":\"https:\/\/escuelaoriente.cl\/#\/schema\/logo\/image\/\"}},{\"@type\":\"Person\",\"@id\":\"https:\/\/escuelaoriente.cl\/#\/schema\/person\/c4547097de9940525be02a57072c4073\",\"name\":\"Daniel L\u00f3pez\",\"image\":{\"@type\":\"ImageObject\",\"inLanguage\":\"es-CL\",\"@id\":\"https:\/\/escuelaoriente.cl\/#\/schema\/person\/image\/\",\"url\":\"https:\/\/secure.gravatar.com\/avatar\/a47f121b2079a76103d60e7beb03d20c0051da85fcfa50087710c77270a0a796?s=96&d=mm&r=g\",\"contentUrl\":\"https:\/\/secure.gravatar.com\/avatar\/a47f121b2079a76103d60e7beb03d20c0051da85fcfa50087710c77270a0a796?s=96&d=mm&r=g\",\"caption\":\"Daniel L\u00f3pez\"},\"url\":\"https:\/\/escuelaoriente.cl\/index.php\/author\/dlopez\/\"}]}<\/script>\n<!-- \/ Yoast SEO plugin. -->","yoast_head_json":{"title":"Cumplimos 21 a\u00f1os! - Escuela Oriente","robots":{"index":"index","follow":"follow","max-snippet":"max-snippet:-1","max-image-preview":"max-image-preview:large","max-video-preview":"max-video-preview:-1"},"canonical":"https:\/\/escuelaoriente.cl\/index.php\/2022\/11\/28\/cumplimos-21-anos\/","og_locale":"es_ES","og_type":"article","og_title":"Cumplimos 21 a\u00f1os! - Escuela Oriente","og_description":"Emplazada en la zona urbana oriente de la comuna de Quell\u00f3n, la \u201cEscuela Oriente\u201d cumpli\u00f3 21 a\u00f1os de servicio educativo en la ciudad. Un nuevo aniversario que transforma a este establecimiento educacional como uno de los m\u00e1s antiguos de la comuna y son sus a\u00f1os de historia al servicio de la educaci\u00f3n los que destacan, [&hellip;]","og_url":"https:\/\/escuelaoriente.cl\/index.php\/2022\/11\/28\/cumplimos-21-anos\/","og_site_name":"Escuela Oriente","article_published_time":"2022-11-28T21:05:48+00:00","article_modified_time":"2022-12-01T16:42:59+00:00","og_image":[{"width":738,"height":473,"url":"https:\/\/escuelaoriente.cl\/wp-content\/uploads\/2022\/11\/cumpleanos.png","type":"image\/png"}],"author":"Daniel L\u00f3pez","twitter_card":"summary_large_image","twitter_misc":{"Escrito por":"Daniel L\u00f3pez"},"schema":{"@context":"https:\/\/schema.org","@graph":[{"@type":"Article","@id":"https:\/\/escuelaoriente.cl\/index.php\/2022\/11\/28\/cumplimos-21-anos\/#article","isPartOf":{"@id":"https:\/\/escuelaoriente.cl\/index.php\/2022\/11\/28\/cumplimos-21-anos\/"},"author":{"name":"Daniel L\u00f3pez","@id":"https:\/\/escuelaoriente.cl\/#\/schema\/person\/c4547097de9940525be02a57072c4073"},"headline":"Cumplimos 21 a\u00f1os!","datePublished":"2022-11-28T21:05:48+00:00","dateModified":"2022-12-01T16:42:59+00:00","mainEntityOfPage":{"@id":"https:\/\/escuelaoriente.cl\/index.php\/2022\/11\/28\/cumplimos-21-anos\/"},"wordCount":98,"publisher":{"@id":"https:\/\/escuelaoriente.cl\/#organization"},"image":{"@id":"https:\/\/escuelaoriente.cl\/index.php\/2022\/11\/28\/cumplimos-21-anos\/#primaryimage"},"thumbnailUrl":"https:\/\/escuelaoriente.cl\/wp-content\/uploads\/2022\/11\/cumpleanos.png","keywords":["21 a\u00f1os","aniversario"],"articleSection":["Ceremonias"],"inLanguage":"es-CL"},{"@type":"WebPage","@id":"https:\/\/escuelaoriente.cl\/index.php\/2022\/11\/28\/cumplimos-21-anos\/","url":"https:\/\/escuelaoriente.cl\/index.php\/2022\/11\/28\/cumplimos-21-anos\/","name":"Cumplimos 21 a\u00f1os! - Escuela Oriente","isPartOf":{"@id":"https:\/\/escuelaoriente.cl\/#website"},"primaryImageOfPage":{"@id":"https:\/\/escuelaoriente.cl\/index.php\/2022\/11\/28\/cumplimos-21-anos\/#primaryimage"},"image":{"@id":"https:\/\/escuelaoriente.cl\/index.php\/2022\/11\/28\/cumplimos-21-anos\/#primaryimage"},"thumbnailUrl":"https:\/\/escuelaoriente.cl\/wp-content\/uploads\/2022\/11\/cumpleanos.png","datePublished":"2022-11-28T21:05:48+00:00","dateModified":"2022-12-01T16:42:59+00:00","breadcrumb":{"@id":"https:\/\/escuelaoriente.cl\/index.php\/2022\/11\/28\/cumplimos-21-anos\/#breadcrumb"},"inLanguage":"es-CL","potentialAction":[{"@type":"ReadAction","target":["https:\/\/escuelaoriente.cl\/index.php\/2022\/11\/28\/cumplimos-21-anos\/"]}]},{"@type":"ImageObject","inLanguage":"es-CL","@id":"https:\/\/escuelaoriente.cl\/index.php\/2022\/11\/28\/cumplimos-21-anos\/#primaryimage","url":"https:\/\/escuelaoriente.cl\/wp-content\/uploads\/2022\/11\/cumpleanos.png","contentUrl":"https:\/\/escuelaoriente.cl\/wp-content\/uploads\/2022\/11\/cumpleanos.png","width":738,"height":473},{"@type":"BreadcrumbList","@id":"https:\/\/escuelaoriente.cl\/index.php\/2022\/11\/28\/cumplimos-21-anos\/#breadcrumb","itemListElement":[{"@type":"ListItem","position":1,"name":"Portada","item":"https:\/\/escuelaoriente.cl\/"},{"@type":"ListItem","position":2,"name":"Cumplimos 21 a\u00f1os!"}]},{"@type":"WebSite","@id":"https:\/\/escuelaoriente.cl\/#website","url":"https:\/\/escuelaoriente.cl\/","name":"Escuela Oriente","description":"Escuela p\u00fablica &quot;Oriente&quot; de Quell\u00f3n, Chilo\u00e9","publisher":{"@id":"https:\/\/escuelaoriente.cl\/#organization"},"potentialAction":[{"@type":"SearchAction","target":{"@type":"EntryPoint","urlTemplate":"https:\/\/escuelaoriente.cl\/?s={search_term_string}"},"query-input":{"@type":"PropertyValueSpecification","valueRequired":true,"valueName":"search_term_string"}}],"inLanguage":"es-CL"},{"@type":"Organization","@id":"https:\/\/escuelaoriente.cl\/#organization","name":"Escuela Oriente","url":"https:\/\/escuelaoriente.cl\/","logo":{"@type":"ImageObject","inLanguage":"es-CL","@id":"https:\/\/escuelaoriente.cl\/#\/schema\/logo\/image\/","url":"https:\/\/escuelaoriente.cl\/wp-content\/uploads\/2025\/09\/cropped-Logo-escuela-oriente.png","contentUrl":"https:\/\/escuelaoriente.cl\/wp-content\/uploads\/2025\/09\/cropped-Logo-escuela-oriente.png","width":1024,"height":1384,"caption":"Escuela Oriente"},"image":{"@id":"https:\/\/escuelaoriente.cl\/#\/schema\/logo\/image\/"}},{"@type":"Person","@id":"https:\/\/escuelaoriente.cl\/#\/schema\/person\/c4547097de9940525be02a57072c4073","name":"Daniel L\u00f3pez","image":{"@type":"ImageObject","inLanguage":"es-CL","@id":"https:\/\/escuelaoriente.cl\/#\/schema\/person\/image\/","url":"https:\/\/secure.gravatar.com\/avatar\/a47f121b2079a76103d60e7beb03d20c0051da85fcfa50087710c77270a0a796?s=96&d=mm&r=g","contentUrl":"https:\/\/secure.gravatar.com\/avatar\/a47f121b2079a76103d60e7beb03d20c0051da85fcfa50087710c77270a0a796?s=96&d=mm&r=g","caption":"Daniel L\u00f3pez"},"url":"https:\/\/escuelaoriente.cl\/index.php\/author\/dlopez\/"}]}},"_links":{"self":[{"href":"https:\/\/escuelaoriente.cl\/index.php\/wp-json\/wp\/v2\/posts\/416","targetHints":{"allow":["GET"]}}],"collection":[{"href":"https:\/\/escuelaoriente.cl\/index.php\/wp-json\/wp\/v2\/posts"}],"about":[{"href":"https:\/\/escuelaoriente.cl\/index.php\/wp-json\/wp\/v2\/types\/post"}],"author":[{"embeddable":true,"href":"https:\/\/escuelaoriente.cl\/index.php\/wp-json\/wp\/v2\/users\/5"}],"replies":[{"embeddable":true,"href":"https:\/\/escuelaoriente.cl\/index.php\/wp-json\/wp\/v2\/comments?post=416"}],"version-history":[{"count":1,"href":"https:\/\/escuelaoriente.cl\/index.php\/wp-json\/wp\/v2\/posts\/416\/revisions"}],"predecessor-version":[{"id":417,"href":"https:\/\/escuelaoriente.cl\/index.php\/wp-json\/wp\/v2\/posts\/416\/revisions\/417"}],"wp:featuredmedia":[{"embeddable":true,"href":"https:\/\/escuelaoriente.cl\/index.php\/wp-json\/wp\/v2\/media\/404"}],"wp:attachment":[{"href":"https:\/\/escuelaoriente.cl\/index.php\/wp-json\/wp\/v2\/media?parent=416"}],"wp:term":[{"taxonomy":"category","embeddable":true,"href":"https:\/\/escuelaoriente.cl\/index.php\/wp-json\/wp\/v2\/categories?post=416"},{"taxonomy":"post_tag","embeddable":true,"href":"https:\/\/escuelaoriente.cl\/index.php\/wp-json\/wp\/v2\/tags?post=416"}],"curies":[{"name":"wp","href":"https:\/\/api.w.org\/{rel}","templated":true}]}}