{"id":658,"date":"2024-08-09T12:15:01","date_gmt":"2024-08-09T16:15:01","guid":{"rendered":"https:\/\/escuelaoriente.cl\/?p=658"},"modified":"2024-08-09T13:12:51","modified_gmt":"2024-08-09T17:12:51","slug":"celebracion-dia-del-nino","status":"publish","type":"post","link":"https:\/\/escuelaoriente.cl\/index.php\/2024\/08\/09\/celebracion-dia-del-nino\/","title":{"rendered":"Celebraci\u00f3n d\u00eda del ni\u00f1o!"},"content":{"rendered":"\n<p>Hoy celebramos la alegr\u00eda, la curiosidad y la creatividad que cada ni\u00f1o trae al mundo. \u00a1Feliz D\u00eda del Ni\u00f1o! Sigamos aprendiendo y so\u00f1ando juntos para construir un futuro lleno de posibilidades.<\/p>\n\n\n\n<figure class=\"wp-block-image size-large\"><img loading=\"lazy\" decoding=\"async\" width=\"1024\" height=\"683\" src=\"https:\/\/escuelaoriente.cl\/wp-content\/uploads\/2024\/08\/IMG_9935-1024x683.jpg\" alt=\"\" class=\"wp-image-659\" srcset=\"https:\/\/escuelaoriente.cl\/wp-content\/uploads\/2024\/08\/IMG_9935-1024x683.jpg 1024w, https:\/\/escuelaoriente.cl\/wp-content\/uploads\/2024\/08\/IMG_9935-300x200.jpg 300w, https:\/\/escuelaoriente.cl\/wp-content\/uploads\/2024\/08\/IMG_9935-768x512.jpg 768w, https:\/\/escuelaoriente.cl\/wp-content\/uploads\/2024\/08\/IMG_9935-1536x1024.jpg 1536w, https:\/\/escuelaoriente.cl\/wp-content\/uploads\/2024\/08\/IMG_9935-2048x1365.jpg 2048w\" sizes=\"auto, (max-width: 1024px) 100vw, 1024px\" \/><\/figure>\n\n\n\n<figure class=\"wp-block-image size-large\"><img loading=\"lazy\" decoding=\"async\" width=\"683\" height=\"1024\" src=\"https:\/\/escuelaoriente.cl\/wp-content\/uploads\/2024\/08\/IMG_9949-683x1024.jpg\" alt=\"\" class=\"wp-image-660\" srcset=\"https:\/\/escuelaoriente.cl\/wp-content\/uploads\/2024\/08\/IMG_9949-683x1024.jpg 683w, https:\/\/escuelaoriente.cl\/wp-content\/uploads\/2024\/08\/IMG_9949-200x300.jpg 200w, https:\/\/escuelaoriente.cl\/wp-content\/uploads\/2024\/08\/IMG_9949-768x1152.jpg 768w, https:\/\/escuelaoriente.cl\/wp-content\/uploads\/2024\/08\/IMG_9949-1024x1536.jpg 1024w, https:\/\/escuelaoriente.cl\/wp-content\/uploads\/2024\/08\/IMG_9949-1365x2048.jpg 1365w, https:\/\/escuelaoriente.cl\/wp-content\/uploads\/2024\/08\/IMG_9949-scaled.jpg 1707w\" sizes=\"auto, (max-width: 683px) 100vw, 683px\" \/><\/figure>\n\n\n\n<figure class=\"wp-block-image size-large\"><img loading=\"lazy\" decoding=\"async\" width=\"1024\" height=\"683\" src=\"https:\/\/escuelaoriente.cl\/wp-content\/uploads\/2024\/08\/IMG_9944-1024x683.jpg\" alt=\"\" class=\"wp-image-661\" srcset=\"https:\/\/escuelaoriente.cl\/wp-content\/uploads\/2024\/08\/IMG_9944-1024x683.jpg 1024w, https:\/\/escuelaoriente.cl\/wp-content\/uploads\/2024\/08\/IMG_9944-300x200.jpg 300w, https:\/\/escuelaoriente.cl\/wp-content\/uploads\/2024\/08\/IMG_9944-768x512.jpg 768w, https:\/\/escuelaoriente.cl\/wp-content\/uploads\/2024\/08\/IMG_9944-1536x1024.jpg 1536w, https:\/\/escuelaoriente.cl\/wp-content\/uploads\/2024\/08\/IMG_9944-2048x1365.jpg 2048w\" sizes=\"auto, (max-width: 1024px) 100vw, 1024px\" \/><\/figure>\n","protected":false},"excerpt":{"rendered":"<p>Hoy celebramos la alegr\u00eda, la curiosidad y la creatividad que cada ni\u00f1o trae al mundo. \u00a1Feliz D\u00eda del Ni\u00f1o! Sigamos aprendiendo y so\u00f1ando juntos para construir un futuro lleno de posibilidades.<\/p>\n","protected":false},"author":1,"featured_media":664,"comment_status":"closed","ping_status":"open","sticky":false,"template":"","format":"standard","meta":{"footnotes":""},"categories":[17],"tags":[],"class_list":["post-658","post","type-post","status-publish","format-standard","has-post-thumbnail","hentry","category-actividades"],"yoast_head":"<!-- This site is optimized with the Yoast SEO plugin v26.2 - https:\/\/yoast.com\/wordpress\/plugins\/seo\/ -->\n<title>Celebraci\u00f3n d\u00eda del ni\u00f1o! - Escuela Oriente<\/title>\n<meta name=\"robots\" content=\"index, follow, max-snippet:-1, max-image-preview:large, max-video-preview:-1\" \/>\n<link rel=\"canonical\" href=\"https:\/\/escuelaoriente.cl\/index.php\/2024\/08\/09\/celebracion-dia-del-nino\/\" \/>\n<meta property=\"og:locale\" content=\"es_ES\" \/>\n<meta property=\"og:type\" content=\"article\" \/>\n<meta property=\"og:title\" content=\"Celebraci\u00f3n d\u00eda del ni\u00f1o! - Escuela Oriente\" \/>\n<meta property=\"og:description\" content=\"Hoy celebramos la alegr\u00eda, la curiosidad y la creatividad que cada ni\u00f1o trae al mundo. \u00a1Feliz D\u00eda del Ni\u00f1o! Sigamos aprendiendo y so\u00f1ando juntos para construir un futuro lleno de posibilidades.\" \/>\n<meta property=\"og:url\" content=\"https:\/\/escuelaoriente.cl\/index.php\/2024\/08\/09\/celebracion-dia-del-nino\/\" \/>\n<meta property=\"og:site_name\" content=\"Escuela Oriente\" \/>\n<meta property=\"article:published_time\" content=\"2024-08-09T16:15:01+00:00\" \/>\n<meta property=\"article:modified_time\" content=\"2024-08-09T17:12:51+00:00\" \/>\n<meta property=\"og:image\" content=\"http:\/\/escuelaoriente.cl\/wp-content\/uploads\/2024\/08\/IMG_9952-scaled.jpg\" \/>\n\t<meta property=\"og:image:width\" content=\"2560\" \/>\n\t<meta property=\"og:image:height\" content=\"1707\" \/>\n\t<meta property=\"og:image:type\" content=\"image\/jpeg\" \/>\n<meta name=\"author\" content=\"Diego Vera\" \/>\n<meta name=\"twitter:card\" content=\"summary_large_image\" \/>\n<meta name=\"twitter:label1\" content=\"Escrito por\" \/>\n\t<meta name=\"twitter:data1\" content=\"Diego Vera\" \/>\n<script type=\"application\/ld+json\" class=\"yoast-schema-graph\">{\"@context\":\"https:\/\/schema.org\",\"@graph\":[{\"@type\":\"Article\",\"@id\":\"https:\/\/escuelaoriente.cl\/index.php\/2024\/08\/09\/celebracion-dia-del-nino\/#article\",\"isPartOf\":{\"@id\":\"https:\/\/escuelaoriente.cl\/index.php\/2024\/08\/09\/celebracion-dia-del-nino\/\"},\"author\":{\"name\":\"Diego Vera\",\"@id\":\"https:\/\/escuelaoriente.cl\/#\/schema\/person\/7c32fabc27398194ddb4c699cc4c8dc6\"},\"headline\":\"Celebraci\u00f3n d\u00eda del ni\u00f1o!\",\"datePublished\":\"2024-08-09T16:15:01+00:00\",\"dateModified\":\"2024-08-09T17:12:51+00:00\",\"mainEntityOfPage\":{\"@id\":\"https:\/\/escuelaoriente.cl\/index.php\/2024\/08\/09\/celebracion-dia-del-nino\/\"},\"wordCount\":43,\"publisher\":{\"@id\":\"https:\/\/escuelaoriente.cl\/#organization\"},\"image\":{\"@id\":\"https:\/\/escuelaoriente.cl\/index.php\/2024\/08\/09\/celebracion-dia-del-nino\/#primaryimage\"},\"thumbnailUrl\":\"https:\/\/escuelaoriente.cl\/wp-content\/uploads\/2024\/08\/IMG_9952-scaled.jpg\",\"articleSection\":[\"Actividades\"],\"inLanguage\":\"es-CL\"},{\"@type\":\"WebPage\",\"@id\":\"https:\/\/escuelaoriente.cl\/index.php\/2024\/08\/09\/celebracion-dia-del-nino\/\",\"url\":\"https:\/\/escuelaoriente.cl\/index.php\/2024\/08\/09\/celebracion-dia-del-nino\/\",\"name\":\"Celebraci\u00f3n d\u00eda del ni\u00f1o! - Escuela Oriente\",\"isPartOf\":{\"@id\":\"https:\/\/escuelaoriente.cl\/#website\"},\"primaryImageOfPage\":{\"@id\":\"https:\/\/escuelaoriente.cl\/index.php\/2024\/08\/09\/celebracion-dia-del-nino\/#primaryimage\"},\"image\":{\"@id\":\"https:\/\/escuelaoriente.cl\/index.php\/2024\/08\/09\/celebracion-dia-del-nino\/#primaryimage\"},\"thumbnailUrl\":\"https:\/\/escuelaoriente.cl\/wp-content\/uploads\/2024\/08\/IMG_9952-scaled.jpg\",\"datePublished\":\"2024-08-09T16:15:01+00:00\",\"dateModified\":\"2024-08-09T17:12:51+00:00\",\"breadcrumb\":{\"@id\":\"https:\/\/escuelaoriente.cl\/index.php\/2024\/08\/09\/celebracion-dia-del-nino\/#breadcrumb\"},\"inLanguage\":\"es-CL\",\"potentialAction\":[{\"@type\":\"ReadAction\",\"target\":[\"https:\/\/escuelaoriente.cl\/index.php\/2024\/08\/09\/celebracion-dia-del-nino\/\"]}]},{\"@type\":\"ImageObject\",\"inLanguage\":\"es-CL\",\"@id\":\"https:\/\/escuelaoriente.cl\/index.php\/2024\/08\/09\/celebracion-dia-del-nino\/#primaryimage\",\"url\":\"https:\/\/escuelaoriente.cl\/wp-content\/uploads\/2024\/08\/IMG_9952-scaled.jpg\",\"contentUrl\":\"https:\/\/escuelaoriente.cl\/wp-content\/uploads\/2024\/08\/IMG_9952-scaled.jpg\",\"width\":2560,\"height\":1707},{\"@type\":\"BreadcrumbList\",\"@id\":\"https:\/\/escuelaoriente.cl\/index.php\/2024\/08\/09\/celebracion-dia-del-nino\/#breadcrumb\",\"itemListElement\":[{\"@type\":\"ListItem\",\"position\":1,\"name\":\"Portada\",\"item\":\"https:\/\/escuelaoriente.cl\/\"},{\"@type\":\"ListItem\",\"position\":2,\"name\":\"Celebraci\u00f3n d\u00eda del ni\u00f1o!\"}]},{\"@type\":\"WebSite\",\"@id\":\"https:\/\/escuelaoriente.cl\/#website\",\"url\":\"https:\/\/escuelaoriente.cl\/\",\"name\":\"Escuela Oriente\",\"description\":\"Escuela p\u00fablica &quot;Oriente&quot; de Quell\u00f3n, Chilo\u00e9\",\"publisher\":{\"@id\":\"https:\/\/escuelaoriente.cl\/#organization\"},\"potentialAction\":[{\"@type\":\"SearchAction\",\"target\":{\"@type\":\"EntryPoint\",\"urlTemplate\":\"https:\/\/escuelaoriente.cl\/?s={search_term_string}\"},\"query-input\":{\"@type\":\"PropertyValueSpecification\",\"valueRequired\":true,\"valueName\":\"search_term_string\"}}],\"inLanguage\":\"es-CL\"},{\"@type\":\"Organization\",\"@id\":\"https:\/\/escuelaoriente.cl\/#organization\",\"name\":\"Escuela Oriente\",\"url\":\"https:\/\/escuelaoriente.cl\/\",\"logo\":{\"@type\":\"ImageObject\",\"inLanguage\":\"es-CL\",\"@id\":\"https:\/\/escuelaoriente.cl\/#\/schema\/logo\/image\/\",\"url\":\"https:\/\/escuelaoriente.cl\/wp-content\/uploads\/2025\/09\/cropped-Logo-escuela-oriente.png\",\"contentUrl\":\"https:\/\/escuelaoriente.cl\/wp-content\/uploads\/2025\/09\/cropped-Logo-escuela-oriente.png\",\"width\":1024,\"height\":1384,\"caption\":\"Escuela Oriente\"},\"image\":{\"@id\":\"https:\/\/escuelaoriente.cl\/#\/schema\/logo\/image\/\"}},{\"@type\":\"Person\",\"@id\":\"https:\/\/escuelaoriente.cl\/#\/schema\/person\/7c32fabc27398194ddb4c699cc4c8dc6\",\"name\":\"Diego Vera\",\"image\":{\"@type\":\"ImageObject\",\"inLanguage\":\"es-CL\",\"@id\":\"https:\/\/escuelaoriente.cl\/#\/schema\/person\/image\/\",\"url\":\"https:\/\/secure.gravatar.com\/avatar\/c236a2a32c1df6f454eebc7562e2b2105afce251d3c15d384e63cbcb9224969e?s=96&d=mm&r=g\",\"contentUrl\":\"https:\/\/secure.gravatar.com\/avatar\/c236a2a32c1df6f454eebc7562e2b2105afce251d3c15d384e63cbcb9224969e?s=96&d=mm&r=g\",\"caption\":\"Diego Vera\"},\"sameAs\":[\"http:\/\/escuelaoriente.cl\"],\"url\":\"https:\/\/escuelaoriente.cl\/index.php\/author\/nsyun5qaxe\/\"}]}<\/script>\n<!-- \/ Yoast SEO plugin. -->","yoast_head_json":{"title":"Celebraci\u00f3n d\u00eda del ni\u00f1o! - Escuela Oriente","robots":{"index":"index","follow":"follow","max-snippet":"max-snippet:-1","max-image-preview":"max-image-preview:large","max-video-preview":"max-video-preview:-1"},"canonical":"https:\/\/escuelaoriente.cl\/index.php\/2024\/08\/09\/celebracion-dia-del-nino\/","og_locale":"es_ES","og_type":"article","og_title":"Celebraci\u00f3n d\u00eda del ni\u00f1o! - Escuela Oriente","og_description":"Hoy celebramos la alegr\u00eda, la curiosidad y la creatividad que cada ni\u00f1o trae al mundo. \u00a1Feliz D\u00eda del Ni\u00f1o! Sigamos aprendiendo y so\u00f1ando juntos para construir un futuro lleno de posibilidades.","og_url":"https:\/\/escuelaoriente.cl\/index.php\/2024\/08\/09\/celebracion-dia-del-nino\/","og_site_name":"Escuela Oriente","article_published_time":"2024-08-09T16:15:01+00:00","article_modified_time":"2024-08-09T17:12:51+00:00","og_image":[{"width":2560,"height":1707,"url":"http:\/\/escuelaoriente.cl\/wp-content\/uploads\/2024\/08\/IMG_9952-scaled.jpg","type":"image\/jpeg"}],"author":"Diego Vera","twitter_card":"summary_large_image","twitter_misc":{"Escrito por":"Diego Vera"},"schema":{"@context":"https:\/\/schema.org","@graph":[{"@type":"Article","@id":"https:\/\/escuelaoriente.cl\/index.php\/2024\/08\/09\/celebracion-dia-del-nino\/#article","isPartOf":{"@id":"https:\/\/escuelaoriente.cl\/index.php\/2024\/08\/09\/celebracion-dia-del-nino\/"},"author":{"name":"Diego Vera","@id":"https:\/\/escuelaoriente.cl\/#\/schema\/person\/7c32fabc27398194ddb4c699cc4c8dc6"},"headline":"Celebraci\u00f3n d\u00eda del ni\u00f1o!","datePublished":"2024-08-09T16:15:01+00:00","dateModified":"2024-08-09T17:12:51+00:00","mainEntityOfPage":{"@id":"https:\/\/escuelaoriente.cl\/index.php\/2024\/08\/09\/celebracion-dia-del-nino\/"},"wordCount":43,"publisher":{"@id":"https:\/\/escuelaoriente.cl\/#organization"},"image":{"@id":"https:\/\/escuelaoriente.cl\/index.php\/2024\/08\/09\/celebracion-dia-del-nino\/#primaryimage"},"thumbnailUrl":"https:\/\/escuelaoriente.cl\/wp-content\/uploads\/2024\/08\/IMG_9952-scaled.jpg","articleSection":["Actividades"],"inLanguage":"es-CL"},{"@type":"WebPage","@id":"https:\/\/escuelaoriente.cl\/index.php\/2024\/08\/09\/celebracion-dia-del-nino\/","url":"https:\/\/escuelaoriente.cl\/index.php\/2024\/08\/09\/celebracion-dia-del-nino\/","name":"Celebraci\u00f3n d\u00eda del ni\u00f1o! - Escuela Oriente","isPartOf":{"@id":"https:\/\/escuelaoriente.cl\/#website"},"primaryImageOfPage":{"@id":"https:\/\/escuelaoriente.cl\/index.php\/2024\/08\/09\/celebracion-dia-del-nino\/#primaryimage"},"image":{"@id":"https:\/\/escuelaoriente.cl\/index.php\/2024\/08\/09\/celebracion-dia-del-nino\/#primaryimage"},"thumbnailUrl":"https:\/\/escuelaoriente.cl\/wp-content\/uploads\/2024\/08\/IMG_9952-scaled.jpg","datePublished":"2024-08-09T16:15:01+00:00","dateModified":"2024-08-09T17:12:51+00:00","breadcrumb":{"@id":"https:\/\/escuelaoriente.cl\/index.php\/2024\/08\/09\/celebracion-dia-del-nino\/#breadcrumb"},"inLanguage":"es-CL","potentialAction":[{"@type":"ReadAction","target":["https:\/\/escuelaoriente.cl\/index.php\/2024\/08\/09\/celebracion-dia-del-nino\/"]}]},{"@type":"ImageObject","inLanguage":"es-CL","@id":"https:\/\/escuelaoriente.cl\/index.php\/2024\/08\/09\/celebracion-dia-del-nino\/#primaryimage","url":"https:\/\/escuelaoriente.cl\/wp-content\/uploads\/2024\/08\/IMG_9952-scaled.jpg","contentUrl":"https:\/\/escuelaoriente.cl\/wp-content\/uploads\/2024\/08\/IMG_9952-scaled.jpg","width":2560,"height":1707},{"@type":"BreadcrumbList","@id":"https:\/\/escuelaoriente.cl\/index.php\/2024\/08\/09\/celebracion-dia-del-nino\/#breadcrumb","itemListElement":[{"@type":"ListItem","position":1,"name":"Portada","item":"https:\/\/escuelaoriente.cl\/"},{"@type":"ListItem","position":2,"name":"Celebraci\u00f3n d\u00eda del ni\u00f1o!"}]},{"@type":"WebSite","@id":"https:\/\/escuelaoriente.cl\/#website","url":"https:\/\/escuelaoriente.cl\/","name":"Escuela Oriente","description":"Escuela p\u00fablica &quot;Oriente&quot; de Quell\u00f3n, Chilo\u00e9","publisher":{"@id":"https:\/\/escuelaoriente.cl\/#organization"},"potentialAction":[{"@type":"SearchAction","target":{"@type":"EntryPoint","urlTemplate":"https:\/\/escuelaoriente.cl\/?s={search_term_string}"},"query-input":{"@type":"PropertyValueSpecification","valueRequired":true,"valueName":"search_term_string"}}],"inLanguage":"es-CL"},{"@type":"Organization","@id":"https:\/\/escuelaoriente.cl\/#organization","name":"Escuela Oriente","url":"https:\/\/escuelaoriente.cl\/","logo":{"@type":"ImageObject","inLanguage":"es-CL","@id":"https:\/\/escuelaoriente.cl\/#\/schema\/logo\/image\/","url":"https:\/\/escuelaoriente.cl\/wp-content\/uploads\/2025\/09\/cropped-Logo-escuela-oriente.png","contentUrl":"https:\/\/escuelaoriente.cl\/wp-content\/uploads\/2025\/09\/cropped-Logo-escuela-oriente.png","width":1024,"height":1384,"caption":"Escuela Oriente"},"image":{"@id":"https:\/\/escuelaoriente.cl\/#\/schema\/logo\/image\/"}},{"@type":"Person","@id":"https:\/\/escuelaoriente.cl\/#\/schema\/person\/7c32fabc27398194ddb4c699cc4c8dc6","name":"Diego Vera","image":{"@type":"ImageObject","inLanguage":"es-CL","@id":"https:\/\/escuelaoriente.cl\/#\/schema\/person\/image\/","url":"https:\/\/secure.gravatar.com\/avatar\/c236a2a32c1df6f454eebc7562e2b2105afce251d3c15d384e63cbcb9224969e?s=96&d=mm&r=g","contentUrl":"https:\/\/secure.gravatar.com\/avatar\/c236a2a32c1df6f454eebc7562e2b2105afce251d3c15d384e63cbcb9224969e?s=96&d=mm&r=g","caption":"Diego Vera"},"sameAs":["http:\/\/escuelaoriente.cl"],"url":"https:\/\/escuelaoriente.cl\/index.php\/author\/nsyun5qaxe\/"}]}},"_links":{"self":[{"href":"https:\/\/escuelaoriente.cl\/index.php\/wp-json\/wp\/v2\/posts\/658","targetHints":{"allow":["GET"]}}],"collection":[{"href":"https:\/\/escuelaoriente.cl\/index.php\/wp-json\/wp\/v2\/posts"}],"about":[{"href":"https:\/\/escuelaoriente.cl\/index.php\/wp-json\/wp\/v2\/types\/post"}],"author":[{"embeddable":true,"href":"https:\/\/escuelaoriente.cl\/index.php\/wp-json\/wp\/v2\/users\/1"}],"replies":[{"embeddable":true,"href":"https:\/\/escuelaoriente.cl\/index.php\/wp-json\/wp\/v2\/comments?post=658"}],"version-history":[{"count":1,"href":"https:\/\/escuelaoriente.cl\/index.php\/wp-json\/wp\/v2\/posts\/658\/revisions"}],"predecessor-version":[{"id":665,"href":"https:\/\/escuelaoriente.cl\/index.php\/wp-json\/wp\/v2\/posts\/658\/revisions\/665"}],"wp:featuredmedia":[{"embeddable":true,"href":"https:\/\/escuelaoriente.cl\/index.php\/wp-json\/wp\/v2\/media\/664"}],"wp:attachment":[{"href":"https:\/\/escuelaoriente.cl\/index.php\/wp-json\/wp\/v2\/media?parent=658"}],"wp:term":[{"taxonomy":"category","embeddable":true,"href":"https:\/\/escuelaoriente.cl\/index.php\/wp-json\/wp\/v2\/categories?post=658"},{"taxonomy":"post_tag","embeddable":true,"href":"https:\/\/escuelaoriente.cl\/index.php\/wp-json\/wp\/v2\/tags?post=658"}],"curies":[{"name":"wp","href":"https:\/\/api.w.org\/{rel}","templated":true}]}}