{"id":670,"date":"2024-09-13T08:34:58","date_gmt":"2024-09-13T11:34:58","guid":{"rendered":"https:\/\/escuelaoriente.cl\/?p=670"},"modified":"2024-09-13T08:38:59","modified_gmt":"2024-09-13T11:38:59","slug":"presentacion-folclorica-18-de-septiembre-2024","status":"publish","type":"post","link":"https:\/\/escuelaoriente.cl\/index.php\/2024\/09\/13\/presentacion-folclorica-18-de-septiembre-2024\/","title":{"rendered":"Presentaci\u00f3n Folcl\u00f3rica 18 de septiembre 2024"},"content":{"rendered":"\n<figure class=\"wp-block-embed is-type-video is-provider-youtube wp-block-embed-youtube wp-embed-aspect-16-9 wp-has-aspect-ratio\"><div class=\"wp-block-embed__wrapper\">\n<iframe loading=\"lazy\" title=\"baile prekinder\" width=\"640\" height=\"360\" src=\"https:\/\/www.youtube.com\/embed\/AxOOaZQkGdo?start=28&#038;feature=oembed\" frameborder=\"0\" allow=\"accelerometer; autoplay; clipboard-write; encrypted-media; gyroscope; picture-in-picture; web-share\" referrerpolicy=\"strict-origin-when-cross-origin\" allowfullscreen><\/iframe>\n<\/div><\/figure>\n\n\n\n<p>En el marco de las celebraciones de Fiestas Patrias, nuestros estudiantes del colegio presentar\u00e1n una muestra folcl\u00f3rica llena de alegr\u00eda y tradici\u00f3n. Este evento, dise\u00f1ado especialmente para ni\u00f1os y ni\u00f1as, busca resaltar las diversas danzas y expresiones culturales de Chile, celebrando nuestro patrimonio y orgullo nacional.<\/p>\n\n\n\n<figure class=\"wp-block-embed is-type-video is-provider-youtube wp-block-embed-youtube wp-embed-aspect-16-9 wp-has-aspect-ratio\"><div class=\"wp-block-embed__wrapper\">\n<iframe loading=\"lazy\" title=\"interpretaci\u00f3n 5A y 5B\" width=\"640\" height=\"360\" src=\"https:\/\/www.youtube.com\/embed\/hyfe9cMKCiE?start=12&#038;feature=oembed\" frameborder=\"0\" allow=\"accelerometer; autoplay; clipboard-write; encrypted-media; gyroscope; picture-in-picture; web-share\" referrerpolicy=\"strict-origin-when-cross-origin\" allowfullscreen><\/iframe>\n<\/div><figcaption class=\"wp-element-caption\">Los ni\u00f1os y ni\u00f1as del colegio interpretar\u00e1n bailes t\u00edpicos como la cueca, el baile nacional, junto a otras danzas de distintas zonas del pa\u00eds, como la cueca nortina, el costillar chilote y la mazamorra campesina. Cada presentaci\u00f3n estar\u00e1 acompa\u00f1ada de coloridos trajes tradicionales y m\u00fasica en vivo, brindando un espect\u00e1culo lleno de energ\u00eda y entusiasmo.<\/figcaption><\/figure>\n\n\n\n<figure class=\"wp-block-embed is-type-video is-provider-youtube wp-block-embed-youtube wp-embed-aspect-16-9 wp-has-aspect-ratio\"><div class=\"wp-block-embed__wrapper\">\n<iframe loading=\"lazy\" title=\"Presentaci\u00f3n Pie 4\" width=\"640\" height=\"360\" src=\"https:\/\/www.youtube.com\/embed\/K6nCWiGvEdk?feature=oembed\" frameborder=\"0\" allow=\"accelerometer; autoplay; clipboard-write; encrypted-media; gyroscope; picture-in-picture; web-share\" referrerpolicy=\"strict-origin-when-cross-origin\" allowfullscreen><\/iframe>\n<\/div><\/figure>\n\n\n\n<p>Invitamos a toda la comunidad escolar a ser parte de este viaje por nuestras ra\u00edces, disfrutando de las tradiciones que nos unen y enriquecen. \u00a1Vengan a celebrar y aprender con nosotros la belleza de nuestra tierra en estas Fiestas Patrias!<\/p>\n\n\n\n<figure class=\"wp-block-embed is-type-video is-provider-youtube wp-block-embed-youtube wp-embed-aspect-16-9 wp-has-aspect-ratio\"><div class=\"wp-block-embed__wrapper\">\n<iframe loading=\"lazy\" title=\"Primer ciclo la trastrasera\" width=\"640\" height=\"360\" src=\"https:\/\/www.youtube.com\/embed\/QZ4jgOKNG90?start=1&#038;feature=oembed\" frameborder=\"0\" allow=\"accelerometer; autoplay; clipboard-write; encrypted-media; gyroscope; picture-in-picture; web-share\" referrerpolicy=\"strict-origin-when-cross-origin\" allowfullscreen><\/iframe>\n<\/div><\/figure>\n\n\n\n<figure class=\"wp-block-embed is-type-video is-provider-youtube wp-block-embed-youtube wp-embed-aspect-16-9 wp-has-aspect-ratio\"><div class=\"wp-block-embed__wrapper\">\n<iframe loading=\"lazy\" title=\"interpretaci\u00f3n\" width=\"640\" height=\"360\" src=\"https:\/\/www.youtube.com\/embed\/deFQ8UY8XYE?start=2&#038;feature=oembed\" frameborder=\"0\" allow=\"accelerometer; autoplay; clipboard-write; encrypted-media; gyroscope; picture-in-picture; web-share\" referrerpolicy=\"strict-origin-when-cross-origin\" allowfullscreen><\/iframe>\n<\/div><\/figure>\n\n\n\n<figure class=\"wp-block-embed is-type-video is-provider-youtube wp-block-embed-youtube wp-embed-aspect-16-9 wp-has-aspect-ratio\"><div class=\"wp-block-embed__wrapper\">\n<iframe loading=\"lazy\" title=\"himno nacional\" width=\"640\" height=\"360\" src=\"https:\/\/www.youtube.com\/embed\/bTNIuu-G8OM?feature=oembed\" frameborder=\"0\" allow=\"accelerometer; autoplay; clipboard-write; encrypted-media; gyroscope; picture-in-picture; web-share\" referrerpolicy=\"strict-origin-when-cross-origin\" allowfullscreen><\/iframe>\n<\/div><\/figure>\n\n\n\n<figure class=\"wp-block-embed is-type-video is-provider-youtube wp-block-embed-youtube wp-embed-aspect-16-9 wp-has-aspect-ratio\"><div class=\"wp-block-embed__wrapper\">\n<iframe loading=\"lazy\" title=\"baile a la bandera\" width=\"640\" height=\"360\" src=\"https:\/\/www.youtube.com\/embed\/7kDJPlz0GoA?feature=oembed\" frameborder=\"0\" allow=\"accelerometer; autoplay; clipboard-write; encrypted-media; gyroscope; picture-in-picture; web-share\" referrerpolicy=\"strict-origin-when-cross-origin\" allowfullscreen><\/iframe>\n<\/div><\/figure>\n\n\n\n<figure class=\"wp-block-embed is-type-video is-provider-youtube wp-block-embed-youtube wp-embed-aspect-16-9 wp-has-aspect-ratio\"><div class=\"wp-block-embed__wrapper\">\n<iframe loading=\"lazy\" title=\"presentaci\u00f3n primer ciclo\" width=\"640\" height=\"360\" src=\"https:\/\/www.youtube.com\/embed\/B1nQZMhC-Io?start=138&#038;feature=oembed\" frameborder=\"0\" allow=\"accelerometer; autoplay; clipboard-write; encrypted-media; gyroscope; picture-in-picture; web-share\" referrerpolicy=\"strict-origin-when-cross-origin\" allowfullscreen><\/iframe>\n<\/div><\/figure>\n","protected":false},"excerpt":{"rendered":"<p>En el marco de las celebraciones de Fiestas Patrias, nuestros estudiantes del colegio presentar\u00e1n una muestra folcl\u00f3rica llena de alegr\u00eda y tradici\u00f3n. Este evento, dise\u00f1ado especialmente para ni\u00f1os y ni\u00f1as, busca resaltar las diversas danzas y expresiones culturales de Chile, celebrando nuestro patrimonio y orgullo nacional.<\/p>\n","protected":false},"author":1,"featured_media":673,"comment_status":"closed","ping_status":"open","sticky":false,"template":"","format":"standard","meta":{"footnotes":""},"categories":[17,14],"tags":[],"class_list":["post-670","post","type-post","status-publish","format-standard","has-post-thumbnail","hentry","category-actividades","category-ceremonias"],"yoast_head":"<!-- This site is optimized with the Yoast SEO plugin v26.2 - https:\/\/yoast.com\/wordpress\/plugins\/seo\/ -->\n<title>Presentaci\u00f3n Folcl\u00f3rica 18 de septiembre 2024 - Escuela Oriente<\/title>\n<meta name=\"robots\" content=\"index, follow, max-snippet:-1, max-image-preview:large, max-video-preview:-1\" \/>\n<link rel=\"canonical\" href=\"https:\/\/escuelaoriente.cl\/index.php\/2024\/09\/13\/presentacion-folclorica-18-de-septiembre-2024\/\" \/>\n<meta property=\"og:locale\" content=\"es_ES\" \/>\n<meta property=\"og:type\" content=\"article\" \/>\n<meta property=\"og:title\" content=\"Presentaci\u00f3n Folcl\u00f3rica 18 de septiembre 2024 - Escuela Oriente\" \/>\n<meta property=\"og:description\" content=\"En el marco de las celebraciones de Fiestas Patrias, nuestros estudiantes del colegio presentar\u00e1n una muestra folcl\u00f3rica llena de alegr\u00eda y tradici\u00f3n. Este evento, dise\u00f1ado especialmente para ni\u00f1os y ni\u00f1as, busca resaltar las diversas danzas y expresiones culturales de Chile, celebrando nuestro patrimonio y orgullo nacional.\" \/>\n<meta property=\"og:url\" content=\"https:\/\/escuelaoriente.cl\/index.php\/2024\/09\/13\/presentacion-folclorica-18-de-septiembre-2024\/\" \/>\n<meta property=\"og:site_name\" content=\"Escuela Oriente\" \/>\n<meta property=\"article:published_time\" content=\"2024-09-13T11:34:58+00:00\" \/>\n<meta property=\"article:modified_time\" content=\"2024-09-13T11:38:59+00:00\" \/>\n<meta property=\"og:image\" content=\"http:\/\/escuelaoriente.cl\/wp-content\/uploads\/2024\/09\/Screenshot_1.png\" \/>\n\t<meta property=\"og:image:width\" content=\"1424\" \/>\n\t<meta property=\"og:image:height\" content=\"838\" \/>\n\t<meta property=\"og:image:type\" content=\"image\/png\" \/>\n<meta name=\"author\" content=\"Diego Vera\" \/>\n<meta name=\"twitter:card\" content=\"summary_large_image\" \/>\n<meta name=\"twitter:label1\" content=\"Escrito por\" \/>\n\t<meta name=\"twitter:data1\" content=\"Diego Vera\" \/>\n\t<meta name=\"twitter:label2\" content=\"Tiempo estimado de lectura\" \/>\n\t<meta name=\"twitter:data2\" content=\"1 minuto\" \/>\n<script type=\"application\/ld+json\" class=\"yoast-schema-graph\">{\"@context\":\"https:\/\/schema.org\",\"@graph\":[{\"@type\":\"Article\",\"@id\":\"https:\/\/escuelaoriente.cl\/index.php\/2024\/09\/13\/presentacion-folclorica-18-de-septiembre-2024\/#article\",\"isPartOf\":{\"@id\":\"https:\/\/escuelaoriente.cl\/index.php\/2024\/09\/13\/presentacion-folclorica-18-de-septiembre-2024\/\"},\"author\":{\"name\":\"Diego Vera\",\"@id\":\"https:\/\/escuelaoriente.cl\/#\/schema\/person\/7c32fabc27398194ddb4c699cc4c8dc6\"},\"headline\":\"Presentaci\u00f3n Folcl\u00f3rica 18 de septiembre 2024\",\"datePublished\":\"2024-09-13T11:34:58+00:00\",\"dateModified\":\"2024-09-13T11:38:59+00:00\",\"mainEntityOfPage\":{\"@id\":\"https:\/\/escuelaoriente.cl\/index.php\/2024\/09\/13\/presentacion-folclorica-18-de-septiembre-2024\/\"},\"wordCount\":244,\"publisher\":{\"@id\":\"https:\/\/escuelaoriente.cl\/#organization\"},\"image\":{\"@id\":\"https:\/\/escuelaoriente.cl\/index.php\/2024\/09\/13\/presentacion-folclorica-18-de-septiembre-2024\/#primaryimage\"},\"thumbnailUrl\":\"https:\/\/escuelaoriente.cl\/wp-content\/uploads\/2024\/09\/Screenshot_1.png\",\"articleSection\":[\"Actividades\",\"Ceremonias\"],\"inLanguage\":\"es-CL\"},{\"@type\":\"WebPage\",\"@id\":\"https:\/\/escuelaoriente.cl\/index.php\/2024\/09\/13\/presentacion-folclorica-18-de-septiembre-2024\/\",\"url\":\"https:\/\/escuelaoriente.cl\/index.php\/2024\/09\/13\/presentacion-folclorica-18-de-septiembre-2024\/\",\"name\":\"Presentaci\u00f3n Folcl\u00f3rica 18 de septiembre 2024 - Escuela Oriente\",\"isPartOf\":{\"@id\":\"https:\/\/escuelaoriente.cl\/#website\"},\"primaryImageOfPage\":{\"@id\":\"https:\/\/escuelaoriente.cl\/index.php\/2024\/09\/13\/presentacion-folclorica-18-de-septiembre-2024\/#primaryimage\"},\"image\":{\"@id\":\"https:\/\/escuelaoriente.cl\/index.php\/2024\/09\/13\/presentacion-folclorica-18-de-septiembre-2024\/#primaryimage\"},\"thumbnailUrl\":\"https:\/\/escuelaoriente.cl\/wp-content\/uploads\/2024\/09\/Screenshot_1.png\",\"datePublished\":\"2024-09-13T11:34:58+00:00\",\"dateModified\":\"2024-09-13T11:38:59+00:00\",\"breadcrumb\":{\"@id\":\"https:\/\/escuelaoriente.cl\/index.php\/2024\/09\/13\/presentacion-folclorica-18-de-septiembre-2024\/#breadcrumb\"},\"inLanguage\":\"es-CL\",\"potentialAction\":[{\"@type\":\"ReadAction\",\"target\":[\"https:\/\/escuelaoriente.cl\/index.php\/2024\/09\/13\/presentacion-folclorica-18-de-septiembre-2024\/\"]}]},{\"@type\":\"ImageObject\",\"inLanguage\":\"es-CL\",\"@id\":\"https:\/\/escuelaoriente.cl\/index.php\/2024\/09\/13\/presentacion-folclorica-18-de-septiembre-2024\/#primaryimage\",\"url\":\"https:\/\/escuelaoriente.cl\/wp-content\/uploads\/2024\/09\/Screenshot_1.png\",\"contentUrl\":\"https:\/\/escuelaoriente.cl\/wp-content\/uploads\/2024\/09\/Screenshot_1.png\",\"width\":1424,\"height\":838},{\"@type\":\"BreadcrumbList\",\"@id\":\"https:\/\/escuelaoriente.cl\/index.php\/2024\/09\/13\/presentacion-folclorica-18-de-septiembre-2024\/#breadcrumb\",\"itemListElement\":[{\"@type\":\"ListItem\",\"position\":1,\"name\":\"Portada\",\"item\":\"https:\/\/escuelaoriente.cl\/\"},{\"@type\":\"ListItem\",\"position\":2,\"name\":\"Presentaci\u00f3n Folcl\u00f3rica 18 de septiembre 2024\"}]},{\"@type\":\"WebSite\",\"@id\":\"https:\/\/escuelaoriente.cl\/#website\",\"url\":\"https:\/\/escuelaoriente.cl\/\",\"name\":\"Escuela Oriente\",\"description\":\"Escuela p\u00fablica &quot;Oriente&quot; de Quell\u00f3n, Chilo\u00e9\",\"publisher\":{\"@id\":\"https:\/\/escuelaoriente.cl\/#organization\"},\"potentialAction\":[{\"@type\":\"SearchAction\",\"target\":{\"@type\":\"EntryPoint\",\"urlTemplate\":\"https:\/\/escuelaoriente.cl\/?s={search_term_string}\"},\"query-input\":{\"@type\":\"PropertyValueSpecification\",\"valueRequired\":true,\"valueName\":\"search_term_string\"}}],\"inLanguage\":\"es-CL\"},{\"@type\":\"Organization\",\"@id\":\"https:\/\/escuelaoriente.cl\/#organization\",\"name\":\"Escuela Oriente\",\"url\":\"https:\/\/escuelaoriente.cl\/\",\"logo\":{\"@type\":\"ImageObject\",\"inLanguage\":\"es-CL\",\"@id\":\"https:\/\/escuelaoriente.cl\/#\/schema\/logo\/image\/\",\"url\":\"https:\/\/escuelaoriente.cl\/wp-content\/uploads\/2025\/09\/cropped-Logo-escuela-oriente.png\",\"contentUrl\":\"https:\/\/escuelaoriente.cl\/wp-content\/uploads\/2025\/09\/cropped-Logo-escuela-oriente.png\",\"width\":1024,\"height\":1384,\"caption\":\"Escuela Oriente\"},\"image\":{\"@id\":\"https:\/\/escuelaoriente.cl\/#\/schema\/logo\/image\/\"}},{\"@type\":\"Person\",\"@id\":\"https:\/\/escuelaoriente.cl\/#\/schema\/person\/7c32fabc27398194ddb4c699cc4c8dc6\",\"name\":\"Diego Vera\",\"image\":{\"@type\":\"ImageObject\",\"inLanguage\":\"es-CL\",\"@id\":\"https:\/\/escuelaoriente.cl\/#\/schema\/person\/image\/\",\"url\":\"https:\/\/secure.gravatar.com\/avatar\/c236a2a32c1df6f454eebc7562e2b2105afce251d3c15d384e63cbcb9224969e?s=96&d=mm&r=g\",\"contentUrl\":\"https:\/\/secure.gravatar.com\/avatar\/c236a2a32c1df6f454eebc7562e2b2105afce251d3c15d384e63cbcb9224969e?s=96&d=mm&r=g\",\"caption\":\"Diego Vera\"},\"sameAs\":[\"http:\/\/escuelaoriente.cl\"],\"url\":\"https:\/\/escuelaoriente.cl\/index.php\/author\/nsyun5qaxe\/\"}]}<\/script>\n<!-- \/ Yoast SEO plugin. -->","yoast_head_json":{"title":"Presentaci\u00f3n Folcl\u00f3rica 18 de septiembre 2024 - Escuela Oriente","robots":{"index":"index","follow":"follow","max-snippet":"max-snippet:-1","max-image-preview":"max-image-preview:large","max-video-preview":"max-video-preview:-1"},"canonical":"https:\/\/escuelaoriente.cl\/index.php\/2024\/09\/13\/presentacion-folclorica-18-de-septiembre-2024\/","og_locale":"es_ES","og_type":"article","og_title":"Presentaci\u00f3n Folcl\u00f3rica 18 de septiembre 2024 - Escuela Oriente","og_description":"En el marco de las celebraciones de Fiestas Patrias, nuestros estudiantes del colegio presentar\u00e1n una muestra folcl\u00f3rica llena de alegr\u00eda y tradici\u00f3n. Este evento, dise\u00f1ado especialmente para ni\u00f1os y ni\u00f1as, busca resaltar las diversas danzas y expresiones culturales de Chile, celebrando nuestro patrimonio y orgullo nacional.","og_url":"https:\/\/escuelaoriente.cl\/index.php\/2024\/09\/13\/presentacion-folclorica-18-de-septiembre-2024\/","og_site_name":"Escuela Oriente","article_published_time":"2024-09-13T11:34:58+00:00","article_modified_time":"2024-09-13T11:38:59+00:00","og_image":[{"width":1424,"height":838,"url":"http:\/\/escuelaoriente.cl\/wp-content\/uploads\/2024\/09\/Screenshot_1.png","type":"image\/png"}],"author":"Diego Vera","twitter_card":"summary_large_image","twitter_misc":{"Escrito por":"Diego Vera","Tiempo estimado de lectura":"1 minuto"},"schema":{"@context":"https:\/\/schema.org","@graph":[{"@type":"Article","@id":"https:\/\/escuelaoriente.cl\/index.php\/2024\/09\/13\/presentacion-folclorica-18-de-septiembre-2024\/#article","isPartOf":{"@id":"https:\/\/escuelaoriente.cl\/index.php\/2024\/09\/13\/presentacion-folclorica-18-de-septiembre-2024\/"},"author":{"name":"Diego Vera","@id":"https:\/\/escuelaoriente.cl\/#\/schema\/person\/7c32fabc27398194ddb4c699cc4c8dc6"},"headline":"Presentaci\u00f3n Folcl\u00f3rica 18 de septiembre 2024","datePublished":"2024-09-13T11:34:58+00:00","dateModified":"2024-09-13T11:38:59+00:00","mainEntityOfPage":{"@id":"https:\/\/escuelaoriente.cl\/index.php\/2024\/09\/13\/presentacion-folclorica-18-de-septiembre-2024\/"},"wordCount":244,"publisher":{"@id":"https:\/\/escuelaoriente.cl\/#organization"},"image":{"@id":"https:\/\/escuelaoriente.cl\/index.php\/2024\/09\/13\/presentacion-folclorica-18-de-septiembre-2024\/#primaryimage"},"thumbnailUrl":"https:\/\/escuelaoriente.cl\/wp-content\/uploads\/2024\/09\/Screenshot_1.png","articleSection":["Actividades","Ceremonias"],"inLanguage":"es-CL"},{"@type":"WebPage","@id":"https:\/\/escuelaoriente.cl\/index.php\/2024\/09\/13\/presentacion-folclorica-18-de-septiembre-2024\/","url":"https:\/\/escuelaoriente.cl\/index.php\/2024\/09\/13\/presentacion-folclorica-18-de-septiembre-2024\/","name":"Presentaci\u00f3n Folcl\u00f3rica 18 de septiembre 2024 - Escuela Oriente","isPartOf":{"@id":"https:\/\/escuelaoriente.cl\/#website"},"primaryImageOfPage":{"@id":"https:\/\/escuelaoriente.cl\/index.php\/2024\/09\/13\/presentacion-folclorica-18-de-septiembre-2024\/#primaryimage"},"image":{"@id":"https:\/\/escuelaoriente.cl\/index.php\/2024\/09\/13\/presentacion-folclorica-18-de-septiembre-2024\/#primaryimage"},"thumbnailUrl":"https:\/\/escuelaoriente.cl\/wp-content\/uploads\/2024\/09\/Screenshot_1.png","datePublished":"2024-09-13T11:34:58+00:00","dateModified":"2024-09-13T11:38:59+00:00","breadcrumb":{"@id":"https:\/\/escuelaoriente.cl\/index.php\/2024\/09\/13\/presentacion-folclorica-18-de-septiembre-2024\/#breadcrumb"},"inLanguage":"es-CL","potentialAction":[{"@type":"ReadAction","target":["https:\/\/escuelaoriente.cl\/index.php\/2024\/09\/13\/presentacion-folclorica-18-de-septiembre-2024\/"]}]},{"@type":"ImageObject","inLanguage":"es-CL","@id":"https:\/\/escuelaoriente.cl\/index.php\/2024\/09\/13\/presentacion-folclorica-18-de-septiembre-2024\/#primaryimage","url":"https:\/\/escuelaoriente.cl\/wp-content\/uploads\/2024\/09\/Screenshot_1.png","contentUrl":"https:\/\/escuelaoriente.cl\/wp-content\/uploads\/2024\/09\/Screenshot_1.png","width":1424,"height":838},{"@type":"BreadcrumbList","@id":"https:\/\/escuelaoriente.cl\/index.php\/2024\/09\/13\/presentacion-folclorica-18-de-septiembre-2024\/#breadcrumb","itemListElement":[{"@type":"ListItem","position":1,"name":"Portada","item":"https:\/\/escuelaoriente.cl\/"},{"@type":"ListItem","position":2,"name":"Presentaci\u00f3n Folcl\u00f3rica 18 de septiembre 2024"}]},{"@type":"WebSite","@id":"https:\/\/escuelaoriente.cl\/#website","url":"https:\/\/escuelaoriente.cl\/","name":"Escuela Oriente","description":"Escuela p\u00fablica &quot;Oriente&quot; de Quell\u00f3n, Chilo\u00e9","publisher":{"@id":"https:\/\/escuelaoriente.cl\/#organization"},"potentialAction":[{"@type":"SearchAction","target":{"@type":"EntryPoint","urlTemplate":"https:\/\/escuelaoriente.cl\/?s={search_term_string}"},"query-input":{"@type":"PropertyValueSpecification","valueRequired":true,"valueName":"search_term_string"}}],"inLanguage":"es-CL"},{"@type":"Organization","@id":"https:\/\/escuelaoriente.cl\/#organization","name":"Escuela Oriente","url":"https:\/\/escuelaoriente.cl\/","logo":{"@type":"ImageObject","inLanguage":"es-CL","@id":"https:\/\/escuelaoriente.cl\/#\/schema\/logo\/image\/","url":"https:\/\/escuelaoriente.cl\/wp-content\/uploads\/2025\/09\/cropped-Logo-escuela-oriente.png","contentUrl":"https:\/\/escuelaoriente.cl\/wp-content\/uploads\/2025\/09\/cropped-Logo-escuela-oriente.png","width":1024,"height":1384,"caption":"Escuela Oriente"},"image":{"@id":"https:\/\/escuelaoriente.cl\/#\/schema\/logo\/image\/"}},{"@type":"Person","@id":"https:\/\/escuelaoriente.cl\/#\/schema\/person\/7c32fabc27398194ddb4c699cc4c8dc6","name":"Diego Vera","image":{"@type":"ImageObject","inLanguage":"es-CL","@id":"https:\/\/escuelaoriente.cl\/#\/schema\/person\/image\/","url":"https:\/\/secure.gravatar.com\/avatar\/c236a2a32c1df6f454eebc7562e2b2105afce251d3c15d384e63cbcb9224969e?s=96&d=mm&r=g","contentUrl":"https:\/\/secure.gravatar.com\/avatar\/c236a2a32c1df6f454eebc7562e2b2105afce251d3c15d384e63cbcb9224969e?s=96&d=mm&r=g","caption":"Diego Vera"},"sameAs":["http:\/\/escuelaoriente.cl"],"url":"https:\/\/escuelaoriente.cl\/index.php\/author\/nsyun5qaxe\/"}]}},"_links":{"self":[{"href":"https:\/\/escuelaoriente.cl\/index.php\/wp-json\/wp\/v2\/posts\/670","targetHints":{"allow":["GET"]}}],"collection":[{"href":"https:\/\/escuelaoriente.cl\/index.php\/wp-json\/wp\/v2\/posts"}],"about":[{"href":"https:\/\/escuelaoriente.cl\/index.php\/wp-json\/wp\/v2\/types\/post"}],"author":[{"embeddable":true,"href":"https:\/\/escuelaoriente.cl\/index.php\/wp-json\/wp\/v2\/users\/1"}],"replies":[{"embeddable":true,"href":"https:\/\/escuelaoriente.cl\/index.php\/wp-json\/wp\/v2\/comments?post=670"}],"version-history":[{"count":2,"href":"https:\/\/escuelaoriente.cl\/index.php\/wp-json\/wp\/v2\/posts\/670\/revisions"}],"predecessor-version":[{"id":674,"href":"https:\/\/escuelaoriente.cl\/index.php\/wp-json\/wp\/v2\/posts\/670\/revisions\/674"}],"wp:featuredmedia":[{"embeddable":true,"href":"https:\/\/escuelaoriente.cl\/index.php\/wp-json\/wp\/v2\/media\/673"}],"wp:attachment":[{"href":"https:\/\/escuelaoriente.cl\/index.php\/wp-json\/wp\/v2\/media?parent=670"}],"wp:term":[{"taxonomy":"category","embeddable":true,"href":"https:\/\/escuelaoriente.cl\/index.php\/wp-json\/wp\/v2\/categories?post=670"},{"taxonomy":"post_tag","embeddable":true,"href":"https:\/\/escuelaoriente.cl\/index.php\/wp-json\/wp\/v2\/tags?post=670"}],"curies":[{"name":"wp","href":"https:\/\/api.w.org\/{rel}","templated":true}]}}