{"id":799,"date":"2024-10-30T13:51:30","date_gmt":"2024-10-30T16:51:30","guid":{"rendered":"https:\/\/escuelaoriente.cl\/?p=799"},"modified":"2024-10-30T13:52:41","modified_gmt":"2024-10-30T16:52:41","slug":"aniversario-22-anos-de-la-escuela-oriente","status":"publish","type":"post","link":"https:\/\/escuelaoriente.cl\/index.php\/2024\/10\/30\/aniversario-22-anos-de-la-escuela-oriente\/","title":{"rendered":"Aniversario 22 a\u00f1os de la escuela Oriente"},"content":{"rendered":"\n<p>\ud83c\udf89 Hoy nuestro querido Colegio Oriente celebra sus 22 a\u00f1os, y nuestros estudiantes lo han disfrutado al m\u00e1ximo. Un d\u00eda lleno de alegr\u00eda, donde compartieron juegos, salieron al estadio y vivieron una convivencia inolvidable. \u00a1Feliz aniversario a nuestra gran familia educativa! \ud83e\udd73\ud83c\udf88<\/p>\n\n\n\n<p><\/p>\n\n\n\n<figure class=\"wp-block-image size-large\"><img loading=\"lazy\" decoding=\"async\" width=\"1024\" height=\"683\" src=\"https:\/\/escuelaoriente.cl\/wp-content\/uploads\/2024\/10\/IMG_0775-1024x683.jpg\" alt=\"\" class=\"wp-image-800\" srcset=\"https:\/\/escuelaoriente.cl\/wp-content\/uploads\/2024\/10\/IMG_0775-1024x683.jpg 1024w, https:\/\/escuelaoriente.cl\/wp-content\/uploads\/2024\/10\/IMG_0775-300x200.jpg 300w, https:\/\/escuelaoriente.cl\/wp-content\/uploads\/2024\/10\/IMG_0775-768x512.jpg 768w, https:\/\/escuelaoriente.cl\/wp-content\/uploads\/2024\/10\/IMG_0775-1536x1024.jpg 1536w, https:\/\/escuelaoriente.cl\/wp-content\/uploads\/2024\/10\/IMG_0775-2048x1365.jpg 2048w\" sizes=\"auto, (max-width: 1024px) 100vw, 1024px\" \/><\/figure>\n\n\n\n<figure class=\"wp-block-image size-large\"><img loading=\"lazy\" decoding=\"async\" width=\"1024\" height=\"683\" src=\"https:\/\/escuelaoriente.cl\/wp-content\/uploads\/2024\/10\/IMG_0774-1024x683.jpg\" alt=\"\" class=\"wp-image-801\" srcset=\"https:\/\/escuelaoriente.cl\/wp-content\/uploads\/2024\/10\/IMG_0774-1024x683.jpg 1024w, https:\/\/escuelaoriente.cl\/wp-content\/uploads\/2024\/10\/IMG_0774-300x200.jpg 300w, https:\/\/escuelaoriente.cl\/wp-content\/uploads\/2024\/10\/IMG_0774-768x512.jpg 768w, https:\/\/escuelaoriente.cl\/wp-content\/uploads\/2024\/10\/IMG_0774-1536x1024.jpg 1536w, https:\/\/escuelaoriente.cl\/wp-content\/uploads\/2024\/10\/IMG_0774-2048x1365.jpg 2048w\" sizes=\"auto, (max-width: 1024px) 100vw, 1024px\" \/><\/figure>\n\n\n\n<figure class=\"wp-block-gallery has-nested-images columns-default is-cropped wp-block-gallery-1 is-layout-flex wp-block-gallery-is-layout-flex\">\n<figure class=\"wp-block-image size-large\"><img loading=\"lazy\" decoding=\"async\" width=\"683\" height=\"1024\" data-id=\"802\" src=\"https:\/\/escuelaoriente.cl\/wp-content\/uploads\/2024\/10\/IMG_0803-683x1024.jpg\" alt=\"\" class=\"wp-image-802\" srcset=\"https:\/\/escuelaoriente.cl\/wp-content\/uploads\/2024\/10\/IMG_0803-683x1024.jpg 683w, https:\/\/escuelaoriente.cl\/wp-content\/uploads\/2024\/10\/IMG_0803-200x300.jpg 200w, https:\/\/escuelaoriente.cl\/wp-content\/uploads\/2024\/10\/IMG_0803-768x1152.jpg 768w, https:\/\/escuelaoriente.cl\/wp-content\/uploads\/2024\/10\/IMG_0803-1024x1536.jpg 1024w, https:\/\/escuelaoriente.cl\/wp-content\/uploads\/2024\/10\/IMG_0803-1365x2048.jpg 1365w, https:\/\/escuelaoriente.cl\/wp-content\/uploads\/2024\/10\/IMG_0803-scaled.jpg 1707w\" sizes=\"auto, (max-width: 683px) 100vw, 683px\" \/><\/figure>\n\n\n\n<figure class=\"wp-block-image size-large\"><img loading=\"lazy\" decoding=\"async\" width=\"768\" height=\"1024\" data-id=\"811\" src=\"https:\/\/escuelaoriente.cl\/wp-content\/uploads\/2024\/10\/WhatsApp-Image-2024-10-30-at-11.17.19-AM-768x1024.jpeg\" alt=\"\" class=\"wp-image-811\" srcset=\"https:\/\/escuelaoriente.cl\/wp-content\/uploads\/2024\/10\/WhatsApp-Image-2024-10-30-at-11.17.19-AM-768x1024.jpeg 768w, https:\/\/escuelaoriente.cl\/wp-content\/uploads\/2024\/10\/WhatsApp-Image-2024-10-30-at-11.17.19-AM-225x300.jpeg 225w, https:\/\/escuelaoriente.cl\/wp-content\/uploads\/2024\/10\/WhatsApp-Image-2024-10-30-at-11.17.19-AM.jpeg 960w\" sizes=\"auto, (max-width: 768px) 100vw, 768px\" \/><\/figure>\n<\/figure>\n\n\n\n<figure class=\"wp-block-image size-large\"><img loading=\"lazy\" decoding=\"async\" width=\"1024\" height=\"683\" src=\"https:\/\/escuelaoriente.cl\/wp-content\/uploads\/2024\/10\/IMG_0798-1024x683.jpg\" alt=\"\" class=\"wp-image-803\" srcset=\"https:\/\/escuelaoriente.cl\/wp-content\/uploads\/2024\/10\/IMG_0798-1024x683.jpg 1024w, https:\/\/escuelaoriente.cl\/wp-content\/uploads\/2024\/10\/IMG_0798-300x200.jpg 300w, https:\/\/escuelaoriente.cl\/wp-content\/uploads\/2024\/10\/IMG_0798-768x512.jpg 768w, https:\/\/escuelaoriente.cl\/wp-content\/uploads\/2024\/10\/IMG_0798-1536x1024.jpg 1536w, https:\/\/escuelaoriente.cl\/wp-content\/uploads\/2024\/10\/IMG_0798-2048x1365.jpg 2048w\" sizes=\"auto, (max-width: 1024px) 100vw, 1024px\" \/><\/figure>\n\n\n\n<figure class=\"wp-block-image size-large\"><img loading=\"lazy\" decoding=\"async\" width=\"1024\" height=\"768\" src=\"https:\/\/escuelaoriente.cl\/wp-content\/uploads\/2024\/10\/WhatsApp-Image-2024-10-30-at-11.41.59-AM-1024x768.jpeg\" alt=\"\" class=\"wp-image-804\" srcset=\"https:\/\/escuelaoriente.cl\/wp-content\/uploads\/2024\/10\/WhatsApp-Image-2024-10-30-at-11.41.59-AM-1024x768.jpeg 1024w, https:\/\/escuelaoriente.cl\/wp-content\/uploads\/2024\/10\/WhatsApp-Image-2024-10-30-at-11.41.59-AM-300x225.jpeg 300w, https:\/\/escuelaoriente.cl\/wp-content\/uploads\/2024\/10\/WhatsApp-Image-2024-10-30-at-11.41.59-AM-768x576.jpeg 768w, https:\/\/escuelaoriente.cl\/wp-content\/uploads\/2024\/10\/WhatsApp-Image-2024-10-30-at-11.41.59-AM-rotated.jpeg 1280w\" sizes=\"auto, (max-width: 1024px) 100vw, 1024px\" \/><\/figure>\n\n\n\n<figure class=\"wp-block-gallery has-nested-images columns-default is-cropped wp-block-gallery-2 is-layout-flex wp-block-gallery-is-layout-flex\">\n<figure class=\"wp-block-image size-large\"><img loading=\"lazy\" decoding=\"async\" width=\"1024\" height=\"683\" data-id=\"806\" src=\"https:\/\/escuelaoriente.cl\/wp-content\/uploads\/2024\/10\/IMG_0811-1-1024x683.jpg\" alt=\"\" class=\"wp-image-806\" srcset=\"https:\/\/escuelaoriente.cl\/wp-content\/uploads\/2024\/10\/IMG_0811-1-1024x683.jpg 1024w, https:\/\/escuelaoriente.cl\/wp-content\/uploads\/2024\/10\/IMG_0811-1-300x200.jpg 300w, https:\/\/escuelaoriente.cl\/wp-content\/uploads\/2024\/10\/IMG_0811-1-768x512.jpg 768w, https:\/\/escuelaoriente.cl\/wp-content\/uploads\/2024\/10\/IMG_0811-1-1536x1024.jpg 1536w, https:\/\/escuelaoriente.cl\/wp-content\/uploads\/2024\/10\/IMG_0811-1-2048x1365.jpg 2048w\" sizes=\"auto, (max-width: 1024px) 100vw, 1024px\" \/><\/figure>\n\n\n\n<figure class=\"wp-block-image size-large\"><img loading=\"lazy\" decoding=\"async\" width=\"683\" height=\"1024\" data-id=\"807\" src=\"https:\/\/escuelaoriente.cl\/wp-content\/uploads\/2024\/10\/IMG_0792-683x1024.jpg\" alt=\"\" class=\"wp-image-807\" srcset=\"https:\/\/escuelaoriente.cl\/wp-content\/uploads\/2024\/10\/IMG_0792-683x1024.jpg 683w, https:\/\/escuelaoriente.cl\/wp-content\/uploads\/2024\/10\/IMG_0792-200x300.jpg 200w, https:\/\/escuelaoriente.cl\/wp-content\/uploads\/2024\/10\/IMG_0792-768x1152.jpg 768w, https:\/\/escuelaoriente.cl\/wp-content\/uploads\/2024\/10\/IMG_0792-1024x1536.jpg 1024w, https:\/\/escuelaoriente.cl\/wp-content\/uploads\/2024\/10\/IMG_0792-1365x2048.jpg 1365w, https:\/\/escuelaoriente.cl\/wp-content\/uploads\/2024\/10\/IMG_0792-scaled.jpg 1707w\" sizes=\"auto, (max-width: 683px) 100vw, 683px\" \/><\/figure>\n<\/figure>\n\n\n\n<figure class=\"wp-block-gallery has-nested-images columns-default is-cropped wp-block-gallery-3 is-layout-flex wp-block-gallery-is-layout-flex\">\n<figure class=\"wp-block-image size-large\"><img loading=\"lazy\" decoding=\"async\" width=\"683\" height=\"1024\" data-id=\"809\" src=\"https:\/\/escuelaoriente.cl\/wp-content\/uploads\/2024\/10\/IMG_0786-1-683x1024.jpg\" alt=\"\" class=\"wp-image-809\" srcset=\"https:\/\/escuelaoriente.cl\/wp-content\/uploads\/2024\/10\/IMG_0786-1-683x1024.jpg 683w, https:\/\/escuelaoriente.cl\/wp-content\/uploads\/2024\/10\/IMG_0786-1-200x300.jpg 200w, https:\/\/escuelaoriente.cl\/wp-content\/uploads\/2024\/10\/IMG_0786-1-768x1152.jpg 768w, https:\/\/escuelaoriente.cl\/wp-content\/uploads\/2024\/10\/IMG_0786-1-1024x1536.jpg 1024w, https:\/\/escuelaoriente.cl\/wp-content\/uploads\/2024\/10\/IMG_0786-1-1365x2048.jpg 1365w, https:\/\/escuelaoriente.cl\/wp-content\/uploads\/2024\/10\/IMG_0786-1-scaled.jpg 1707w\" sizes=\"auto, (max-width: 683px) 100vw, 683px\" \/><\/figure>\n\n\n\n<figure class=\"wp-block-image size-large\"><img loading=\"lazy\" decoding=\"async\" width=\"1024\" height=\"683\" data-id=\"810\" src=\"https:\/\/escuelaoriente.cl\/wp-content\/uploads\/2024\/10\/IMG_0872-1024x683.jpg\" alt=\"\" class=\"wp-image-810\" srcset=\"https:\/\/escuelaoriente.cl\/wp-content\/uploads\/2024\/10\/IMG_0872-1024x683.jpg 1024w, https:\/\/escuelaoriente.cl\/wp-content\/uploads\/2024\/10\/IMG_0872-300x200.jpg 300w, https:\/\/escuelaoriente.cl\/wp-content\/uploads\/2024\/10\/IMG_0872-768x512.jpg 768w, https:\/\/escuelaoriente.cl\/wp-content\/uploads\/2024\/10\/IMG_0872-1536x1024.jpg 1536w, https:\/\/escuelaoriente.cl\/wp-content\/uploads\/2024\/10\/IMG_0872-2048x1365.jpg 2048w\" sizes=\"auto, (max-width: 1024px) 100vw, 1024px\" \/><\/figure>\n<\/figure>\n","protected":false},"excerpt":{"rendered":"<p>\ud83c\udf89 Hoy nuestro querido Colegio Oriente celebra sus 22 a\u00f1os, y nuestros estudiantes lo han disfrutado al m\u00e1ximo. Un d\u00eda lleno de alegr\u00eda, donde compartieron juegos, salieron al estadio y vivieron una convivencia inolvidable. \u00a1Feliz aniversario a nuestra gran familia educativa! \ud83e\udd73\ud83c\udf88<\/p>\n","protected":false},"author":1,"featured_media":804,"comment_status":"closed","ping_status":"open","sticky":false,"template":"","format":"standard","meta":{"footnotes":""},"categories":[17,14],"tags":[],"class_list":["post-799","post","type-post","status-publish","format-standard","has-post-thumbnail","hentry","category-actividades","category-ceremonias"],"yoast_head":"<!-- This site is optimized with the Yoast SEO plugin v26.2 - https:\/\/yoast.com\/wordpress\/plugins\/seo\/ -->\n<title>Aniversario 22 a\u00f1os de la escuela Oriente - Escuela Oriente<\/title>\n<meta name=\"robots\" content=\"index, follow, max-snippet:-1, max-image-preview:large, max-video-preview:-1\" \/>\n<link rel=\"canonical\" href=\"https:\/\/escuelaoriente.cl\/index.php\/2024\/10\/30\/aniversario-22-anos-de-la-escuela-oriente\/\" \/>\n<meta property=\"og:locale\" content=\"es_ES\" \/>\n<meta property=\"og:type\" content=\"article\" \/>\n<meta property=\"og:title\" content=\"Aniversario 22 a\u00f1os de la escuela Oriente - Escuela Oriente\" \/>\n<meta property=\"og:description\" content=\"\ud83c\udf89 Hoy nuestro querido Colegio Oriente celebra sus 22 a\u00f1os, y nuestros estudiantes lo han disfrutado al m\u00e1ximo. Un d\u00eda lleno de alegr\u00eda, donde compartieron juegos, salieron al estadio y vivieron una convivencia inolvidable. \u00a1Feliz aniversario a nuestra gran familia educativa! \ud83e\udd73\ud83c\udf88\" \/>\n<meta property=\"og:url\" content=\"https:\/\/escuelaoriente.cl\/index.php\/2024\/10\/30\/aniversario-22-anos-de-la-escuela-oriente\/\" \/>\n<meta property=\"og:site_name\" content=\"Escuela Oriente\" \/>\n<meta property=\"article:published_time\" content=\"2024-10-30T16:51:30+00:00\" \/>\n<meta property=\"article:modified_time\" content=\"2024-10-30T16:52:41+00:00\" \/>\n<meta property=\"og:image\" content=\"http:\/\/escuelaoriente.cl\/wp-content\/uploads\/2024\/10\/WhatsApp-Image-2024-10-30-at-11.41.59-AM-rotated.jpeg\" \/>\n\t<meta property=\"og:image:width\" content=\"1280\" \/>\n\t<meta property=\"og:image:height\" content=\"960\" \/>\n\t<meta property=\"og:image:type\" content=\"image\/jpeg\" \/>\n<meta name=\"author\" content=\"Diego Vera\" \/>\n<meta name=\"twitter:card\" content=\"summary_large_image\" \/>\n<meta name=\"twitter:label1\" content=\"Escrito por\" \/>\n\t<meta name=\"twitter:data1\" content=\"Diego Vera\" \/>\n<script type=\"application\/ld+json\" class=\"yoast-schema-graph\">{\"@context\":\"https:\/\/schema.org\",\"@graph\":[{\"@type\":\"Article\",\"@id\":\"https:\/\/escuelaoriente.cl\/index.php\/2024\/10\/30\/aniversario-22-anos-de-la-escuela-oriente\/#article\",\"isPartOf\":{\"@id\":\"https:\/\/escuelaoriente.cl\/index.php\/2024\/10\/30\/aniversario-22-anos-de-la-escuela-oriente\/\"},\"author\":{\"name\":\"Diego Vera\",\"@id\":\"https:\/\/escuelaoriente.cl\/#\/schema\/person\/7c32fabc27398194ddb4c699cc4c8dc6\"},\"headline\":\"Aniversario 22 a\u00f1os de la escuela Oriente\",\"datePublished\":\"2024-10-30T16:51:30+00:00\",\"dateModified\":\"2024-10-30T16:52:41+00:00\",\"mainEntityOfPage\":{\"@id\":\"https:\/\/escuelaoriente.cl\/index.php\/2024\/10\/30\/aniversario-22-anos-de-la-escuela-oriente\/\"},\"wordCount\":50,\"publisher\":{\"@id\":\"https:\/\/escuelaoriente.cl\/#organization\"},\"image\":{\"@id\":\"https:\/\/escuelaoriente.cl\/index.php\/2024\/10\/30\/aniversario-22-anos-de-la-escuela-oriente\/#primaryimage\"},\"thumbnailUrl\":\"https:\/\/escuelaoriente.cl\/wp-content\/uploads\/2024\/10\/WhatsApp-Image-2024-10-30-at-11.41.59-AM-rotated.jpeg\",\"articleSection\":[\"Actividades\",\"Ceremonias\"],\"inLanguage\":\"es-CL\"},{\"@type\":\"WebPage\",\"@id\":\"https:\/\/escuelaoriente.cl\/index.php\/2024\/10\/30\/aniversario-22-anos-de-la-escuela-oriente\/\",\"url\":\"https:\/\/escuelaoriente.cl\/index.php\/2024\/10\/30\/aniversario-22-anos-de-la-escuela-oriente\/\",\"name\":\"Aniversario 22 a\u00f1os de la escuela Oriente - Escuela Oriente\",\"isPartOf\":{\"@id\":\"https:\/\/escuelaoriente.cl\/#website\"},\"primaryImageOfPage\":{\"@id\":\"https:\/\/escuelaoriente.cl\/index.php\/2024\/10\/30\/aniversario-22-anos-de-la-escuela-oriente\/#primaryimage\"},\"image\":{\"@id\":\"https:\/\/escuelaoriente.cl\/index.php\/2024\/10\/30\/aniversario-22-anos-de-la-escuela-oriente\/#primaryimage\"},\"thumbnailUrl\":\"https:\/\/escuelaoriente.cl\/wp-content\/uploads\/2024\/10\/WhatsApp-Image-2024-10-30-at-11.41.59-AM-rotated.jpeg\",\"datePublished\":\"2024-10-30T16:51:30+00:00\",\"dateModified\":\"2024-10-30T16:52:41+00:00\",\"breadcrumb\":{\"@id\":\"https:\/\/escuelaoriente.cl\/index.php\/2024\/10\/30\/aniversario-22-anos-de-la-escuela-oriente\/#breadcrumb\"},\"inLanguage\":\"es-CL\",\"potentialAction\":[{\"@type\":\"ReadAction\",\"target\":[\"https:\/\/escuelaoriente.cl\/index.php\/2024\/10\/30\/aniversario-22-anos-de-la-escuela-oriente\/\"]}]},{\"@type\":\"ImageObject\",\"inLanguage\":\"es-CL\",\"@id\":\"https:\/\/escuelaoriente.cl\/index.php\/2024\/10\/30\/aniversario-22-anos-de-la-escuela-oriente\/#primaryimage\",\"url\":\"https:\/\/escuelaoriente.cl\/wp-content\/uploads\/2024\/10\/WhatsApp-Image-2024-10-30-at-11.41.59-AM-rotated.jpeg\",\"contentUrl\":\"https:\/\/escuelaoriente.cl\/wp-content\/uploads\/2024\/10\/WhatsApp-Image-2024-10-30-at-11.41.59-AM-rotated.jpeg\",\"width\":1280,\"height\":960},{\"@type\":\"BreadcrumbList\",\"@id\":\"https:\/\/escuelaoriente.cl\/index.php\/2024\/10\/30\/aniversario-22-anos-de-la-escuela-oriente\/#breadcrumb\",\"itemListElement\":[{\"@type\":\"ListItem\",\"position\":1,\"name\":\"Portada\",\"item\":\"https:\/\/escuelaoriente.cl\/\"},{\"@type\":\"ListItem\",\"position\":2,\"name\":\"Aniversario 22 a\u00f1os de la escuela Oriente\"}]},{\"@type\":\"WebSite\",\"@id\":\"https:\/\/escuelaoriente.cl\/#website\",\"url\":\"https:\/\/escuelaoriente.cl\/\",\"name\":\"Escuela Oriente\",\"description\":\"Escuela p\u00fablica &quot;Oriente&quot; de Quell\u00f3n, Chilo\u00e9\",\"publisher\":{\"@id\":\"https:\/\/escuelaoriente.cl\/#organization\"},\"potentialAction\":[{\"@type\":\"SearchAction\",\"target\":{\"@type\":\"EntryPoint\",\"urlTemplate\":\"https:\/\/escuelaoriente.cl\/?s={search_term_string}\"},\"query-input\":{\"@type\":\"PropertyValueSpecification\",\"valueRequired\":true,\"valueName\":\"search_term_string\"}}],\"inLanguage\":\"es-CL\"},{\"@type\":\"Organization\",\"@id\":\"https:\/\/escuelaoriente.cl\/#organization\",\"name\":\"Escuela Oriente\",\"url\":\"https:\/\/escuelaoriente.cl\/\",\"logo\":{\"@type\":\"ImageObject\",\"inLanguage\":\"es-CL\",\"@id\":\"https:\/\/escuelaoriente.cl\/#\/schema\/logo\/image\/\",\"url\":\"https:\/\/escuelaoriente.cl\/wp-content\/uploads\/2025\/09\/cropped-Logo-escuela-oriente.png\",\"contentUrl\":\"https:\/\/escuelaoriente.cl\/wp-content\/uploads\/2025\/09\/cropped-Logo-escuela-oriente.png\",\"width\":1024,\"height\":1384,\"caption\":\"Escuela Oriente\"},\"image\":{\"@id\":\"https:\/\/escuelaoriente.cl\/#\/schema\/logo\/image\/\"}},{\"@type\":\"Person\",\"@id\":\"https:\/\/escuelaoriente.cl\/#\/schema\/person\/7c32fabc27398194ddb4c699cc4c8dc6\",\"name\":\"Diego Vera\",\"image\":{\"@type\":\"ImageObject\",\"inLanguage\":\"es-CL\",\"@id\":\"https:\/\/escuelaoriente.cl\/#\/schema\/person\/image\/\",\"url\":\"https:\/\/secure.gravatar.com\/avatar\/c236a2a32c1df6f454eebc7562e2b2105afce251d3c15d384e63cbcb9224969e?s=96&d=mm&r=g\",\"contentUrl\":\"https:\/\/secure.gravatar.com\/avatar\/c236a2a32c1df6f454eebc7562e2b2105afce251d3c15d384e63cbcb9224969e?s=96&d=mm&r=g\",\"caption\":\"Diego Vera\"},\"sameAs\":[\"http:\/\/escuelaoriente.cl\"],\"url\":\"https:\/\/escuelaoriente.cl\/index.php\/author\/nsyun5qaxe\/\"}]}<\/script>\n<!-- \/ Yoast SEO plugin. -->","yoast_head_json":{"title":"Aniversario 22 a\u00f1os de la escuela Oriente - Escuela Oriente","robots":{"index":"index","follow":"follow","max-snippet":"max-snippet:-1","max-image-preview":"max-image-preview:large","max-video-preview":"max-video-preview:-1"},"canonical":"https:\/\/escuelaoriente.cl\/index.php\/2024\/10\/30\/aniversario-22-anos-de-la-escuela-oriente\/","og_locale":"es_ES","og_type":"article","og_title":"Aniversario 22 a\u00f1os de la escuela Oriente - Escuela Oriente","og_description":"\ud83c\udf89 Hoy nuestro querido Colegio Oriente celebra sus 22 a\u00f1os, y nuestros estudiantes lo han disfrutado al m\u00e1ximo. Un d\u00eda lleno de alegr\u00eda, donde compartieron juegos, salieron al estadio y vivieron una convivencia inolvidable. \u00a1Feliz aniversario a nuestra gran familia educativa! \ud83e\udd73\ud83c\udf88","og_url":"https:\/\/escuelaoriente.cl\/index.php\/2024\/10\/30\/aniversario-22-anos-de-la-escuela-oriente\/","og_site_name":"Escuela Oriente","article_published_time":"2024-10-30T16:51:30+00:00","article_modified_time":"2024-10-30T16:52:41+00:00","og_image":[{"width":1280,"height":960,"url":"http:\/\/escuelaoriente.cl\/wp-content\/uploads\/2024\/10\/WhatsApp-Image-2024-10-30-at-11.41.59-AM-rotated.jpeg","type":"image\/jpeg"}],"author":"Diego Vera","twitter_card":"summary_large_image","twitter_misc":{"Escrito por":"Diego Vera"},"schema":{"@context":"https:\/\/schema.org","@graph":[{"@type":"Article","@id":"https:\/\/escuelaoriente.cl\/index.php\/2024\/10\/30\/aniversario-22-anos-de-la-escuela-oriente\/#article","isPartOf":{"@id":"https:\/\/escuelaoriente.cl\/index.php\/2024\/10\/30\/aniversario-22-anos-de-la-escuela-oriente\/"},"author":{"name":"Diego Vera","@id":"https:\/\/escuelaoriente.cl\/#\/schema\/person\/7c32fabc27398194ddb4c699cc4c8dc6"},"headline":"Aniversario 22 a\u00f1os de la escuela Oriente","datePublished":"2024-10-30T16:51:30+00:00","dateModified":"2024-10-30T16:52:41+00:00","mainEntityOfPage":{"@id":"https:\/\/escuelaoriente.cl\/index.php\/2024\/10\/30\/aniversario-22-anos-de-la-escuela-oriente\/"},"wordCount":50,"publisher":{"@id":"https:\/\/escuelaoriente.cl\/#organization"},"image":{"@id":"https:\/\/escuelaoriente.cl\/index.php\/2024\/10\/30\/aniversario-22-anos-de-la-escuela-oriente\/#primaryimage"},"thumbnailUrl":"https:\/\/escuelaoriente.cl\/wp-content\/uploads\/2024\/10\/WhatsApp-Image-2024-10-30-at-11.41.59-AM-rotated.jpeg","articleSection":["Actividades","Ceremonias"],"inLanguage":"es-CL"},{"@type":"WebPage","@id":"https:\/\/escuelaoriente.cl\/index.php\/2024\/10\/30\/aniversario-22-anos-de-la-escuela-oriente\/","url":"https:\/\/escuelaoriente.cl\/index.php\/2024\/10\/30\/aniversario-22-anos-de-la-escuela-oriente\/","name":"Aniversario 22 a\u00f1os de la escuela Oriente - Escuela Oriente","isPartOf":{"@id":"https:\/\/escuelaoriente.cl\/#website"},"primaryImageOfPage":{"@id":"https:\/\/escuelaoriente.cl\/index.php\/2024\/10\/30\/aniversario-22-anos-de-la-escuela-oriente\/#primaryimage"},"image":{"@id":"https:\/\/escuelaoriente.cl\/index.php\/2024\/10\/30\/aniversario-22-anos-de-la-escuela-oriente\/#primaryimage"},"thumbnailUrl":"https:\/\/escuelaoriente.cl\/wp-content\/uploads\/2024\/10\/WhatsApp-Image-2024-10-30-at-11.41.59-AM-rotated.jpeg","datePublished":"2024-10-30T16:51:30+00:00","dateModified":"2024-10-30T16:52:41+00:00","breadcrumb":{"@id":"https:\/\/escuelaoriente.cl\/index.php\/2024\/10\/30\/aniversario-22-anos-de-la-escuela-oriente\/#breadcrumb"},"inLanguage":"es-CL","potentialAction":[{"@type":"ReadAction","target":["https:\/\/escuelaoriente.cl\/index.php\/2024\/10\/30\/aniversario-22-anos-de-la-escuela-oriente\/"]}]},{"@type":"ImageObject","inLanguage":"es-CL","@id":"https:\/\/escuelaoriente.cl\/index.php\/2024\/10\/30\/aniversario-22-anos-de-la-escuela-oriente\/#primaryimage","url":"https:\/\/escuelaoriente.cl\/wp-content\/uploads\/2024\/10\/WhatsApp-Image-2024-10-30-at-11.41.59-AM-rotated.jpeg","contentUrl":"https:\/\/escuelaoriente.cl\/wp-content\/uploads\/2024\/10\/WhatsApp-Image-2024-10-30-at-11.41.59-AM-rotated.jpeg","width":1280,"height":960},{"@type":"BreadcrumbList","@id":"https:\/\/escuelaoriente.cl\/index.php\/2024\/10\/30\/aniversario-22-anos-de-la-escuela-oriente\/#breadcrumb","itemListElement":[{"@type":"ListItem","position":1,"name":"Portada","item":"https:\/\/escuelaoriente.cl\/"},{"@type":"ListItem","position":2,"name":"Aniversario 22 a\u00f1os de la escuela Oriente"}]},{"@type":"WebSite","@id":"https:\/\/escuelaoriente.cl\/#website","url":"https:\/\/escuelaoriente.cl\/","name":"Escuela Oriente","description":"Escuela p\u00fablica &quot;Oriente&quot; de Quell\u00f3n, Chilo\u00e9","publisher":{"@id":"https:\/\/escuelaoriente.cl\/#organization"},"potentialAction":[{"@type":"SearchAction","target":{"@type":"EntryPoint","urlTemplate":"https:\/\/escuelaoriente.cl\/?s={search_term_string}"},"query-input":{"@type":"PropertyValueSpecification","valueRequired":true,"valueName":"search_term_string"}}],"inLanguage":"es-CL"},{"@type":"Organization","@id":"https:\/\/escuelaoriente.cl\/#organization","name":"Escuela Oriente","url":"https:\/\/escuelaoriente.cl\/","logo":{"@type":"ImageObject","inLanguage":"es-CL","@id":"https:\/\/escuelaoriente.cl\/#\/schema\/logo\/image\/","url":"https:\/\/escuelaoriente.cl\/wp-content\/uploads\/2025\/09\/cropped-Logo-escuela-oriente.png","contentUrl":"https:\/\/escuelaoriente.cl\/wp-content\/uploads\/2025\/09\/cropped-Logo-escuela-oriente.png","width":1024,"height":1384,"caption":"Escuela Oriente"},"image":{"@id":"https:\/\/escuelaoriente.cl\/#\/schema\/logo\/image\/"}},{"@type":"Person","@id":"https:\/\/escuelaoriente.cl\/#\/schema\/person\/7c32fabc27398194ddb4c699cc4c8dc6","name":"Diego Vera","image":{"@type":"ImageObject","inLanguage":"es-CL","@id":"https:\/\/escuelaoriente.cl\/#\/schema\/person\/image\/","url":"https:\/\/secure.gravatar.com\/avatar\/c236a2a32c1df6f454eebc7562e2b2105afce251d3c15d384e63cbcb9224969e?s=96&d=mm&r=g","contentUrl":"https:\/\/secure.gravatar.com\/avatar\/c236a2a32c1df6f454eebc7562e2b2105afce251d3c15d384e63cbcb9224969e?s=96&d=mm&r=g","caption":"Diego Vera"},"sameAs":["http:\/\/escuelaoriente.cl"],"url":"https:\/\/escuelaoriente.cl\/index.php\/author\/nsyun5qaxe\/"}]}},"_links":{"self":[{"href":"https:\/\/escuelaoriente.cl\/index.php\/wp-json\/wp\/v2\/posts\/799","targetHints":{"allow":["GET"]}}],"collection":[{"href":"https:\/\/escuelaoriente.cl\/index.php\/wp-json\/wp\/v2\/posts"}],"about":[{"href":"https:\/\/escuelaoriente.cl\/index.php\/wp-json\/wp\/v2\/types\/post"}],"author":[{"embeddable":true,"href":"https:\/\/escuelaoriente.cl\/index.php\/wp-json\/wp\/v2\/users\/1"}],"replies":[{"embeddable":true,"href":"https:\/\/escuelaoriente.cl\/index.php\/wp-json\/wp\/v2\/comments?post=799"}],"version-history":[{"count":1,"href":"https:\/\/escuelaoriente.cl\/index.php\/wp-json\/wp\/v2\/posts\/799\/revisions"}],"predecessor-version":[{"id":812,"href":"https:\/\/escuelaoriente.cl\/index.php\/wp-json\/wp\/v2\/posts\/799\/revisions\/812"}],"wp:featuredmedia":[{"embeddable":true,"href":"https:\/\/escuelaoriente.cl\/index.php\/wp-json\/wp\/v2\/media\/804"}],"wp:attachment":[{"href":"https:\/\/escuelaoriente.cl\/index.php\/wp-json\/wp\/v2\/media?parent=799"}],"wp:term":[{"taxonomy":"category","embeddable":true,"href":"https:\/\/escuelaoriente.cl\/index.php\/wp-json\/wp\/v2\/categories?post=799"},{"taxonomy":"post_tag","embeddable":true,"href":"https:\/\/escuelaoriente.cl\/index.php\/wp-json\/wp\/v2\/tags?post=799"}],"curies":[{"name":"wp","href":"https:\/\/api.w.org\/{rel}","templated":true}]}}